{"id":1036,"date":"2009-01-02T14:35:44","date_gmt":"2009-01-02T12:35:44","guid":{"rendered":"http:\/\/karin.stampis.com\/blog\/?p=1036"},"modified":"2009-01-02T14:35:44","modified_gmt":"2009-01-02T12:35:44","slug":"fint-vader-igen","status":"publish","type":"post","link":"http:\/\/karin.stampis.com\/blog\/?p=1036","title":{"rendered":"Fint v\u00e4der igen"},"content":{"rendered":"<p>Idag var det fint v\u00e4der igen, d.v.s. minusgrader och klart ist\u00e4llet f\u00f6r n\u00e5gra plus och gr\u00e5blaskigt, s\u00e5 vi passade p\u00e5 att utnyttja detta och g\u00e5 en morgonpromenix innan frukost (hurtigt va? \ud83d\ude09 ). Frisk luft, lite frost p\u00e5 marken, ett tunt lager is p\u00e5 vattnet, och klart med en v\u00e4ldigt tydlig utsikt \u00f6ver till Danmark. Trevligt s\u00e4tt att starta dagen p\u00e5 \ud83d\ude42<br \/>\n<img loading=\"lazy\" decoding=\"async\" class=\"aligncenter size-medium wp-image-1037\" title=\"043\" src=\"http:\/\/karin.stampis.com\/blog\/wp-content\/uploads\/2009\/01\/043-360x270.jpg\" alt=\"043\" width=\"360\" height=\"270\" srcset=\"http:\/\/karin.stampis.com\/blog\/wp-content\/uploads\/2009\/01\/043-360x270.jpg 360w, http:\/\/karin.stampis.com\/blog\/wp-content\/uploads\/2009\/01\/043.jpg 1000w\" sizes=\"auto, (max-width: 360px) 100vw, 360px\" \/><\/p>\n<p>Dessutom verkar det ju finnas hopp f\u00f6r att f\u00e5 iallafall en dag med sn\u00f6, och \u00e4ven n\u00e5gon fin dag till, under ledigheten:<\/p>\n<p><img loading=\"lazy\" decoding=\"async\" class=\"aligncenter size-medium wp-image-1038\" title=\"dmi\" src=\"http:\/\/karin.stampis.com\/blog\/wp-content\/uploads\/2009\/01\/dmi-360x277.png\" alt=\"dmi\" width=\"360\" height=\"277\" srcset=\"http:\/\/karin.stampis.com\/blog\/wp-content\/uploads\/2009\/01\/dmi-360x277.png 360w, http:\/\/karin.stampis.com\/blog\/wp-content\/uploads\/2009\/01\/dmi.png 447w\" sizes=\"auto, (max-width: 360px) 100vw, 360px\" \/><\/p>\n","protected":false},"excerpt":{"rendered":"<p>Idag var det fint v\u00e4der igen, d.v.s. minusgrader och klart ist\u00e4llet f\u00f6r n\u00e5gra plus och gr\u00e5blaskigt, s\u00e5 vi passade p\u00e5 att utnyttja detta och g\u00e5 en morgonpromenix innan frukost (hurtigt va? \ud83d\ude09 ). Frisk luft, lite frost p\u00e5 marken, ett &hellip; <a href=\"http:\/\/karin.stampis.com\/blog\/?p=1036\">Continue reading <span class=\"meta-nav\">&rarr;<\/span><\/a><\/p>\n","protected":false},"author":1,"featured_media":0,"comment_status":"open","ping_status":"open","sticky":false,"template":"","format":"standard","meta":{"footnotes":""},"categories":[130],"tags":[70,45,83],"class_list":["post-1036","post","type-post","status-publish","format-standard","hentry","category-januari-2009","tag-naturbilder","tag-promenad","tag-sno"],"_links":{"self":[{"href":"http:\/\/karin.stampis.com\/blog\/index.php?rest_route=\/wp\/v2\/posts\/1036","targetHints":{"allow":["GET"]}}],"collection":[{"href":"http:\/\/karin.stampis.com\/blog\/index.php?rest_route=\/wp\/v2\/posts"}],"about":[{"href":"http:\/\/karin.stampis.com\/blog\/index.php?rest_route=\/wp\/v2\/types\/post"}],"author":[{"embeddable":true,"href":"http:\/\/karin.stampis.com\/blog\/index.php?rest_route=\/wp\/v2\/users\/1"}],"replies":[{"embeddable":true,"href":"http:\/\/karin.stampis.com\/blog\/index.php?rest_route=%2Fwp%2Fv2%2Fcomments&post=1036"}],"version-history":[{"count":3,"href":"http:\/\/karin.stampis.com\/blog\/index.php?rest_route=\/wp\/v2\/posts\/1036\/revisions"}],"predecessor-version":[{"id":1041,"href":"http:\/\/karin.stampis.com\/blog\/index.php?rest_route=\/wp\/v2\/posts\/1036\/revisions\/1041"}],"wp:attachment":[{"href":"http:\/\/karin.stampis.com\/blog\/index.php?rest_route=%2Fwp%2Fv2%2Fmedia&parent=1036"}],"wp:term":[{"taxonomy":"category","embeddable":true,"href":"http:\/\/karin.stampis.com\/blog\/index.php?rest_route=%2Fwp%2Fv2%2Fcategories&post=1036"},{"taxonomy":"post_tag","embeddable":true,"href":"http:\/\/karin.stampis.com\/blog\/index.php?rest_route=%2Fwp%2Fv2%2Ftags&post=1036"}],"curies":[{"name":"wp","href":"https:\/\/api.w.org\/{rel}","templated":true}]}}