{"id":10890,"date":"2011-10-07T16:48:28","date_gmt":"2011-10-07T14:48:28","guid":{"rendered":"http:\/\/karin.stampis.com\/blog\/?p=10890"},"modified":"2012-01-01T17:32:53","modified_gmt":"2012-01-01T15:32:53","slug":"fredag-9","status":"publish","type":"post","link":"http:\/\/karin.stampis.com\/blog\/?p=10890","title":{"rendered":"Fredag"},"content":{"rendered":"<p>S\u00e5 var det fredag. V\u00e4lbeh\u00f6vligt d\u00e5 jag \u00e4r ganska slut efter aktiviteterna sedan f\u00f6rra fredagen. Att b\u00e5de l\u00e4sa en kurs p\u00e5 heltid och jobba p\u00e5 heltid, vara bortrest 3 dagar, storst\u00e4da l\u00e4genheten, baka en massa pajer, ha bjudning, inte fr\u00e5ng\u00e5 sin princip att tr\u00e4na 1 timme per dag, tv\u00e5 akuta stress-situationer (nu uppklarade, tror jag iaf) etc g\u00f6r mig lite tr\u00f6tt. Sk\u00f6nt det \u00e4r dags f\u00f6r semester snart.<\/p>\n<p>Som fredagsbild blir det de fina liljorna (min favvoblomma!) som jag fick av maken f\u00f6rra veckan. De har nu slagit ut och luktar s\u00e5 gott.<\/p>\n<p><img loading=\"lazy\" decoding=\"async\" class=\"aligncenter size-full wp-image-10891\" title=\"_MG_3194\" src=\"http:\/\/karin.stampis.com\/blog\/wp-content\/uploads\/2011\/10\/MG_3194.jpg\" alt=\"\" width=\"400\" height=\"600\" \/><\/p>\n","protected":false},"excerpt":{"rendered":"<p>S\u00e5 var det fredag. V\u00e4lbeh\u00f6vligt d\u00e5 jag \u00e4r ganska slut efter aktiviteterna sedan f\u00f6rra fredagen. Att b\u00e5de l\u00e4sa en kurs p\u00e5 heltid och jobba p\u00e5 heltid, vara bortrest 3 dagar, storst\u00e4da l\u00e4genheten, baka en massa pajer, ha bjudning, inte fr\u00e5ng\u00e5 &hellip; <a href=\"http:\/\/karin.stampis.com\/blog\/?p=10890\">Continue reading <span class=\"meta-nav\">&rarr;<\/span><\/a><\/p>\n","protected":false},"author":1,"featured_media":0,"comment_status":"open","ping_status":"open","sticky":false,"template":"","format":"standard","meta":{"footnotes":""},"categories":[273,293],"tags":[22],"class_list":["post-10890","post","type-post","status-publish","format-standard","hentry","category-273","category-oktober-2011","tag-fredag"],"_links":{"self":[{"href":"http:\/\/karin.stampis.com\/blog\/index.php?rest_route=\/wp\/v2\/posts\/10890","targetHints":{"allow":["GET"]}}],"collection":[{"href":"http:\/\/karin.stampis.com\/blog\/index.php?rest_route=\/wp\/v2\/posts"}],"about":[{"href":"http:\/\/karin.stampis.com\/blog\/index.php?rest_route=\/wp\/v2\/types\/post"}],"author":[{"embeddable":true,"href":"http:\/\/karin.stampis.com\/blog\/index.php?rest_route=\/wp\/v2\/users\/1"}],"replies":[{"embeddable":true,"href":"http:\/\/karin.stampis.com\/blog\/index.php?rest_route=%2Fwp%2Fv2%2Fcomments&post=10890"}],"version-history":[{"count":11,"href":"http:\/\/karin.stampis.com\/blog\/index.php?rest_route=\/wp\/v2\/posts\/10890\/revisions"}],"predecessor-version":[{"id":11335,"href":"http:\/\/karin.stampis.com\/blog\/index.php?rest_route=\/wp\/v2\/posts\/10890\/revisions\/11335"}],"wp:attachment":[{"href":"http:\/\/karin.stampis.com\/blog\/index.php?rest_route=%2Fwp%2Fv2%2Fmedia&parent=10890"}],"wp:term":[{"taxonomy":"category","embeddable":true,"href":"http:\/\/karin.stampis.com\/blog\/index.php?rest_route=%2Fwp%2Fv2%2Fcategories&post=10890"},{"taxonomy":"post_tag","embeddable":true,"href":"http:\/\/karin.stampis.com\/blog\/index.php?rest_route=%2Fwp%2Fv2%2Ftags&post=10890"}],"curies":[{"name":"wp","href":"https:\/\/api.w.org\/{rel}","templated":true}]}}