{"id":1100,"date":"2009-01-05T21:08:13","date_gmt":"2009-01-05T19:08:13","guid":{"rendered":"http:\/\/karin.stampis.com\/blog\/?p=1100"},"modified":"2009-01-11T20:26:32","modified_gmt":"2009-01-11T18:26:32","slug":"huvudvark","status":"publish","type":"post","link":"http:\/\/karin.stampis.com\/blog\/?p=1100","title":{"rendered":"Huvudv\u00e4rk"},"content":{"rendered":"<p>Bl\u00e4, idag har jag j\u00e4ttehuvudv\u00e4rk \ud83d\ude41 . Har inte druckit kaffe sen ig\u00e5r morse, eftersom jag ville eliminera allt koffein d\u00e5 jag ska f\u00f6rs\u00f6ka somna tidigare, och huvudv\u00e4rken kan nog bero p\u00e5 detta \u00f6ver 30 timmar l\u00e5nga uppeh\u00e5ll&#8230;<\/p>\n<p>Eller s\u00e5 beror den p\u00e5 att jag\u00a0 i tv\u00e5 dagar faktiskt \u00e4tit nyttig mat, kroppen blir v\u00e4l chockad av nyttigheter s\u00e5h\u00e4r efter jul.<\/p>\n<p>Eller kan det vara g\u00e5rdagens d\u00e5liga s\u00f6mn.<\/p>\n<p>Eller s\u00e5 h\u00e5ller jag p\u00e5 att bli sjuk lagom tills d\u00e5 det \u00e4r jobbdax igen (om inte annat s\u00e5 blir jag \u00e4nnu buttrare p\u00e5 jobbet om huvudv\u00e4rken h\u00e5ller i sig)&#8230;<\/p>\n<p>Jaja, vad det \u00e4n beror p\u00e5 har jag som sagt ont i huvudet. Har iallafall tagit en ibumetin s\u00e5 det har sl\u00e4ppt en aning.\u00a0 Fors\u00e4tter det f\u00e5r jag l\u00e4gga en s\u00e5nh\u00e4r grej p\u00e5 huvudet:<\/p>\n<p><img loading=\"lazy\" decoding=\"async\" class=\"aligncenter size-medium wp-image-1101\" title=\"bulldog-with-headache\" src=\"http:\/\/karin.stampis.com\/blog\/wp-content\/uploads\/2009\/01\/bulldog-with-headache-360x269.jpg\" alt=\"bulldog-with-headache\" width=\"360\" height=\"269\" srcset=\"http:\/\/karin.stampis.com\/blog\/wp-content\/uploads\/2009\/01\/bulldog-with-headache-360x269.jpg 360w, http:\/\/karin.stampis.com\/blog\/wp-content\/uploads\/2009\/01\/bulldog-with-headache.jpg 450w\" sizes=\"auto, (max-width: 360px) 100vw, 360px\" \/><\/p>\n","protected":false},"excerpt":{"rendered":"<p>Bl\u00e4, idag har jag j\u00e4ttehuvudv\u00e4rk \ud83d\ude41 . Har inte druckit kaffe sen ig\u00e5r morse, eftersom jag ville eliminera allt koffein d\u00e5 jag ska f\u00f6rs\u00f6ka somna tidigare, och huvudv\u00e4rken kan nog bero p\u00e5 detta \u00f6ver 30 timmar l\u00e5nga uppeh\u00e5ll&#8230; Eller s\u00e5 &hellip; <a href=\"http:\/\/karin.stampis.com\/blog\/?p=1100\">Continue reading <span class=\"meta-nav\">&rarr;<\/span><\/a><\/p>\n","protected":false},"author":1,"featured_media":0,"comment_status":"open","ping_status":"open","sticky":false,"template":"","format":"standard","meta":{"footnotes":""},"categories":[130],"tags":[136,33],"class_list":["post-1100","post","type-post","status-publish","format-standard","hentry","category-januari-2009","tag-huvudvark","tag-kaffe"],"_links":{"self":[{"href":"http:\/\/karin.stampis.com\/blog\/index.php?rest_route=\/wp\/v2\/posts\/1100","targetHints":{"allow":["GET"]}}],"collection":[{"href":"http:\/\/karin.stampis.com\/blog\/index.php?rest_route=\/wp\/v2\/posts"}],"about":[{"href":"http:\/\/karin.stampis.com\/blog\/index.php?rest_route=\/wp\/v2\/types\/post"}],"author":[{"embeddable":true,"href":"http:\/\/karin.stampis.com\/blog\/index.php?rest_route=\/wp\/v2\/users\/1"}],"replies":[{"embeddable":true,"href":"http:\/\/karin.stampis.com\/blog\/index.php?rest_route=%2Fwp%2Fv2%2Fcomments&post=1100"}],"version-history":[{"count":3,"href":"http:\/\/karin.stampis.com\/blog\/index.php?rest_route=\/wp\/v2\/posts\/1100\/revisions"}],"predecessor-version":[{"id":1232,"href":"http:\/\/karin.stampis.com\/blog\/index.php?rest_route=\/wp\/v2\/posts\/1100\/revisions\/1232"}],"wp:attachment":[{"href":"http:\/\/karin.stampis.com\/blog\/index.php?rest_route=%2Fwp%2Fv2%2Fmedia&parent=1100"}],"wp:term":[{"taxonomy":"category","embeddable":true,"href":"http:\/\/karin.stampis.com\/blog\/index.php?rest_route=%2Fwp%2Fv2%2Fcategories&post=1100"},{"taxonomy":"post_tag","embeddable":true,"href":"http:\/\/karin.stampis.com\/blog\/index.php?rest_route=%2Fwp%2Fv2%2Ftags&post=1100"}],"curies":[{"name":"wp","href":"https:\/\/api.w.org\/{rel}","templated":true}]}}