{"id":1103,"date":"2009-01-06T10:43:14","date_gmt":"2009-01-06T08:43:14","guid":{"rendered":"http:\/\/karin.stampis.com\/blog\/?p=1103"},"modified":"2009-01-06T10:43:14","modified_gmt":"2009-01-06T08:43:14","slug":"semestern","status":"publish","type":"post","link":"http:\/\/karin.stampis.com\/blog\/?p=1103","title":{"rendered":"Semestern"},"content":{"rendered":"<p>S\u00e5 var det sista dagen p\u00e5 2,5 veckors jul-ledighet \ud83d\ude41 . Men men, man kan ju inte alltid vara ledig , och det \u00e4r ju kul att jobba, \u00e4ven om jag m\u00e5ste erk\u00e4nna att jag just idag inte k\u00e4nner mig super-entusiastisk.<\/p>\n<p>\u00c4ven om jag var mycket tr\u00f6tt d\u00e5 jul-ledigheten b\u00f6rjade s\u00e5 hade jag lagt upp en ambiti\u00f6s lista p\u00e5 vad som skulle fixas under ledigheten, nu d\u00e5 jag hade s\u00e5 mycket tid!<\/p>\n<p>I den ingick bl.a:<\/p>\n<p>*sortera l\u00e5dor och sk\u00e5p i vardagsrum, k\u00f6k, hall, garderob, garderobsrum plus reng\u00f6ra l\u00e5dor\/sk\u00e5p<\/p>\n<p>*sortera och betygss\u00e4tta mina 12 000(!) foton i datorn samt snygga till dom b\u00e4sta och skicka iv\u00e4g en best\u00e4llning f\u00f6r utskrift till tavlor och fotoalbum<\/p>\n<p>*ut p\u00e5 stan och handla saker fr\u00e5n min &#8220;m\u00e5ste-handla-lista&#8221; (jag gillar inte shopping)<\/p>\n<p>*laga en massa lunchl\u00e5dor<\/p>\n<p>*g\u00e5 igenom en hel bok om Photoshop<\/p>\n<p>*fixa praktiska saker som diverse bokningar och avbokningar, namnbyten m.m.<\/p>\n<p>Sen tillkommer ju s\u00e5klart jul-st\u00e4dande och fixande&#8230;<\/p>\n<p>Needless to say &#8211; allt det h\u00e4r blev inte gjort&#8230; Men jag sorterade iallafall i garderobsrummet, s\u00e5 \u00e4ven Jimmy fick plats att h\u00e4nga upp sina skjortor d\u00e4r! Och en l\u00e5da och ett litet sk\u00e5p i k\u00f6ket blev sorterade, plus en br\u00e5kdel av fotofixandet blev klart och n\u00e5gon praktisk grej fixad. Hrm, ganska l\u00e5g verkningsgrad&#8230; Jag m\u00e5ste dock infoga att p\u00e5 jobbet f\u00e5r jag faktiskt r\u00f6jt undan i mina att-g\u00f6ra-listor i en mycket st\u00f6rre utstr\u00e4ckning (tycker jag iallafall)&#8230;<\/p>\n<p>Men trots att (eller p\u00e5 grund av?) jag inte fick mycket gjort s\u00e5 hade jag en j\u00e4ttesbra jul-ledighet! Fixade julpynt och julmat och hade en super-mysig julafton (och juldag+annandag) med make och mina p\u00e4ron, sen n\u00e5gra dagars sk\u00f6nt h\u00e4ngande hos p\u00e4ronen p\u00e5 landet, en v\u00e4ldans skoj ny\u00e5rsaftons-kv\u00e4ll, en massa sk\u00f6na promenader och sovmorgnar &#8211; helt enkelt en allm\u00e4nt avslappnande tid d\u00e5 jag mest drullat runt (jo, har iochf\u00f6rsig bloggat endel ocks\u00e5&#8230;) och \u00e4nd\u00e5 slappnat av och tyckt det varit riktigt sk\u00f6nt att drulla runt!<\/p>\n<p>Vila var vad jag beh\u00f6vde, s\u00e5 \u00e5t sidan med det d\u00e5liga samvetet &#8211; jag f\u00e5r v\u00e4l sortera n\u00e5gon l\u00e5da per kv\u00e4ll under jobbdagarna ist\u00e4llet \ud83d\ude09 !<\/p>\n<p><img loading=\"lazy\" decoding=\"async\" class=\"aligncenter size-medium wp-image-1107\" title=\"smjal\" src=\"http:\/\/karin.stampis.com\/blog\/wp-content\/uploads\/2009\/01\/smjal-360x359.jpg\" alt=\"smjal\" width=\"360\" height=\"359\" srcset=\"http:\/\/karin.stampis.com\/blog\/wp-content\/uploads\/2009\/01\/smjal-360x359.jpg 360w, http:\/\/karin.stampis.com\/blog\/wp-content\/uploads\/2009\/01\/smjal-150x150.jpg 150w, http:\/\/karin.stampis.com\/blog\/wp-content\/uploads\/2009\/01\/smjal.jpg 400w\" sizes=\"auto, (max-width: 360px) 100vw, 360px\" \/><em>Relaxad och n\u00f6jd efter en soft ledighet \ud83d\ude42<\/em><\/p>\n","protected":false},"excerpt":{"rendered":"<p>S\u00e5 var det sista dagen p\u00e5 2,5 veckors jul-ledighet \ud83d\ude41 . Men men, man kan ju inte alltid vara ledig , och det \u00e4r ju kul att jobba, \u00e4ven om jag m\u00e5ste erk\u00e4nna att jag just idag inte k\u00e4nner mig &hellip; <a href=\"http:\/\/karin.stampis.com\/blog\/?p=1103\">Continue reading <span class=\"meta-nav\">&rarr;<\/span><\/a><\/p>\n","protected":false},"author":1,"featured_media":0,"comment_status":"open","ping_status":"open","sticky":false,"template":"","format":"standard","meta":{"footnotes":""},"categories":[130],"tags":[137],"class_list":["post-1103","post","type-post","status-publish","format-standard","hentry","category-januari-2009","tag-julledighet"],"_links":{"self":[{"href":"http:\/\/karin.stampis.com\/blog\/index.php?rest_route=\/wp\/v2\/posts\/1103","targetHints":{"allow":["GET"]}}],"collection":[{"href":"http:\/\/karin.stampis.com\/blog\/index.php?rest_route=\/wp\/v2\/posts"}],"about":[{"href":"http:\/\/karin.stampis.com\/blog\/index.php?rest_route=\/wp\/v2\/types\/post"}],"author":[{"embeddable":true,"href":"http:\/\/karin.stampis.com\/blog\/index.php?rest_route=\/wp\/v2\/users\/1"}],"replies":[{"embeddable":true,"href":"http:\/\/karin.stampis.com\/blog\/index.php?rest_route=%2Fwp%2Fv2%2Fcomments&post=1103"}],"version-history":[{"count":21,"href":"http:\/\/karin.stampis.com\/blog\/index.php?rest_route=\/wp\/v2\/posts\/1103\/revisions"}],"predecessor-version":[{"id":1125,"href":"http:\/\/karin.stampis.com\/blog\/index.php?rest_route=\/wp\/v2\/posts\/1103\/revisions\/1125"}],"wp:attachment":[{"href":"http:\/\/karin.stampis.com\/blog\/index.php?rest_route=%2Fwp%2Fv2%2Fmedia&parent=1103"}],"wp:term":[{"taxonomy":"category","embeddable":true,"href":"http:\/\/karin.stampis.com\/blog\/index.php?rest_route=%2Fwp%2Fv2%2Fcategories&post=1103"},{"taxonomy":"post_tag","embeddable":true,"href":"http:\/\/karin.stampis.com\/blog\/index.php?rest_route=%2Fwp%2Fv2%2Ftags&post=1103"}],"curies":[{"name":"wp","href":"https:\/\/api.w.org\/{rel}","templated":true}]}}