{"id":11857,"date":"2012-05-22T18:22:56","date_gmt":"2012-05-22T16:22:56","guid":{"rendered":"http:\/\/karin.stampis.com\/blog\/?p=11857"},"modified":"2012-05-22T18:22:56","modified_gmt":"2012-05-22T16:22:56","slug":"ovantade-gaster-i-parken","status":"publish","type":"post","link":"http:\/\/karin.stampis.com\/blog\/?p=11857","title":{"rendered":"Ov\u00e4ntade g\u00e4ster i parken"},"content":{"rendered":"<p>Jag gillar att spana in parkens fauna d\u00e5 vi \u00e4r p\u00e5 l\u00e5ngpromenad. Denna helgen blev jag dock mycket \u00f6verraskad \u00f6ver utbudet. Maken hade mobilen till hands s\u00e5 vi fick lite foton p\u00e5 mig och djuren.<\/p>\n<p><a href=\"http:\/\/karin.stampis.com\/blog\/?attachment_id=11858\" rel=\"attachment wp-att-11858\"><img loading=\"lazy\" decoding=\"async\" class=\"aligncenter size-full wp-image-11858\" title=\"DSC_0059\" src=\"http:\/\/karin.stampis.com\/blog\/wp-content\/uploads\/2012\/05\/DSC_0059.jpg\" alt=\"\" width=\"545\" height=\"600\" srcset=\"http:\/\/karin.stampis.com\/blog\/wp-content\/uploads\/2012\/05\/DSC_0059.jpg 545w, http:\/\/karin.stampis.com\/blog\/wp-content\/uploads\/2012\/05\/DSC_0059-327x360.jpg 327w, http:\/\/karin.stampis.com\/blog\/wp-content\/uploads\/2012\/05\/DSC_0059-272x300.jpg 272w\" sizes=\"auto, (max-width: 545px) 100vw, 545px\" \/><\/a><a href=\"http:\/\/karin.stampis.com\/blog\/?attachment_id=11859\" rel=\"attachment wp-att-11859\"><img loading=\"lazy\" decoding=\"async\" class=\"aligncenter size-full wp-image-11859\" title=\"DSC_0063\" src=\"http:\/\/karin.stampis.com\/blog\/wp-content\/uploads\/2012\/05\/DSC_0063.jpg\" alt=\"\" width=\"600\" height=\"552\" srcset=\"http:\/\/karin.stampis.com\/blog\/wp-content\/uploads\/2012\/05\/DSC_0063.jpg 600w, http:\/\/karin.stampis.com\/blog\/wp-content\/uploads\/2012\/05\/DSC_0063-360x331.jpg 360w, http:\/\/karin.stampis.com\/blog\/wp-content\/uploads\/2012\/05\/DSC_0063-326x300.jpg 326w\" sizes=\"auto, (max-width: 600px) 100vw, 600px\" \/><\/a><\/p>\n","protected":false},"excerpt":{"rendered":"<p>Jag gillar att spana in parkens fauna d\u00e5 vi \u00e4r p\u00e5 l\u00e5ngpromenad. Denna helgen blev jag dock mycket \u00f6verraskad \u00f6ver utbudet. Maken hade mobilen till hands s\u00e5 vi fick lite foton p\u00e5 mig och djuren.<\/p>\n","protected":false},"author":1,"featured_media":0,"comment_status":"open","ping_status":"open","sticky":false,"template":"","format":"standard","meta":{"footnotes":""},"categories":[297,308],"tags":[],"class_list":["post-11857","post","type-post","status-publish","format-standard","hentry","category-297","category-maj-2012"],"_links":{"self":[{"href":"http:\/\/karin.stampis.com\/blog\/index.php?rest_route=\/wp\/v2\/posts\/11857","targetHints":{"allow":["GET"]}}],"collection":[{"href":"http:\/\/karin.stampis.com\/blog\/index.php?rest_route=\/wp\/v2\/posts"}],"about":[{"href":"http:\/\/karin.stampis.com\/blog\/index.php?rest_route=\/wp\/v2\/types\/post"}],"author":[{"embeddable":true,"href":"http:\/\/karin.stampis.com\/blog\/index.php?rest_route=\/wp\/v2\/users\/1"}],"replies":[{"embeddable":true,"href":"http:\/\/karin.stampis.com\/blog\/index.php?rest_route=%2Fwp%2Fv2%2Fcomments&post=11857"}],"version-history":[{"count":12,"href":"http:\/\/karin.stampis.com\/blog\/index.php?rest_route=\/wp\/v2\/posts\/11857\/revisions"}],"predecessor-version":[{"id":11871,"href":"http:\/\/karin.stampis.com\/blog\/index.php?rest_route=\/wp\/v2\/posts\/11857\/revisions\/11871"}],"wp:attachment":[{"href":"http:\/\/karin.stampis.com\/blog\/index.php?rest_route=%2Fwp%2Fv2%2Fmedia&parent=11857"}],"wp:term":[{"taxonomy":"category","embeddable":true,"href":"http:\/\/karin.stampis.com\/blog\/index.php?rest_route=%2Fwp%2Fv2%2Fcategories&post=11857"},{"taxonomy":"post_tag","embeddable":true,"href":"http:\/\/karin.stampis.com\/blog\/index.php?rest_route=%2Fwp%2Fv2%2Ftags&post=11857"}],"curies":[{"name":"wp","href":"https:\/\/api.w.org\/{rel}","templated":true}]}}