{"id":12324,"date":"2012-07-21T08:14:46","date_gmt":"2012-07-21T06:14:46","guid":{"rendered":"http:\/\/karin.stampis.com\/blog\/?p=12324"},"modified":"2012-07-21T08:15:34","modified_gmt":"2012-07-21T06:15:34","slug":"sambo","status":"publish","type":"post","link":"http:\/\/karin.stampis.com\/blog\/?p=12324","title":{"rendered":"Sambo"},"content":{"rendered":"<p>Dagarna hemma p\u00e5 semestern har spenderats med fixande i l\u00e4genheten (d\u00e5 det g\u00e4ller detta &#8220;finns det alltid n\u00e5got att g\u00f6ra&#8221;). Nu har jag flyttat ut fr\u00e5n mitt kontorsrum in i Jimmys kontorsrum. Liiite ovant, k\u00e4nns som man blivit sambo p\u00e5 nytt och jag flyttat in i Jimmys l\u00e4genhet \ud83d\ude09 &#8211; s\u00e4ger fortfarande &#8220;ditt rum&#8221; hela tiden. Men det finns bra med plats f\u00f6r oss b\u00e5da d\u00e5 detta rummet \u00e4r r\u00e4tt mycket st\u00f6rre \u00e4n mitt gamla (och jod\u00e5, cyklarna bor inte h\u00e4r l\u00e4ngre heller). S\u00e5 nu har Greggan f\u00e5tt ett eget litet rum, mysigt \ud83d\ude42 .<\/p>\n<p>Min h\u00f6rna (st\u00f6kigt, st\u00e4dning fortfarande p\u00e5g\u00e5ende&#8230;)<\/p>\n<p><a href=\"http:\/\/karin.stampis.com\/blog\/?attachment_id=12335\" rel=\"attachment wp-att-12335\"><img loading=\"lazy\" decoding=\"async\" class=\"aligncenter size-medium wp-image-12335\" title=\"IMG_6074\" src=\"http:\/\/karin.stampis.com\/blog\/wp-content\/uploads\/2012\/07\/IMG_6074-360x256.jpg\" alt=\"\" width=\"360\" height=\"256\" srcset=\"http:\/\/karin.stampis.com\/blog\/wp-content\/uploads\/2012\/07\/IMG_6074-360x256.jpg 360w, http:\/\/karin.stampis.com\/blog\/wp-content\/uploads\/2012\/07\/IMG_6074-420x300.jpg 420w, http:\/\/karin.stampis.com\/blog\/wp-content\/uploads\/2012\/07\/IMG_6074.jpg 600w\" sizes=\"auto, (max-width: 360px) 100vw, 360px\" \/><\/a><\/p>\n","protected":false},"excerpt":{"rendered":"<p>Dagarna hemma p\u00e5 semestern har spenderats med fixande i l\u00e4genheten (d\u00e5 det g\u00e4ller detta &#8220;finns det alltid n\u00e5got att g\u00f6ra&#8221;). Nu har jag flyttat ut fr\u00e5n mitt kontorsrum in i Jimmys kontorsrum. Liiite ovant, k\u00e4nns som man blivit sambo p\u00e5 &hellip; <a href=\"http:\/\/karin.stampis.com\/blog\/?p=12324\">Continue reading <span class=\"meta-nav\">&rarr;<\/span><\/a><\/p>\n","protected":false},"author":1,"featured_media":0,"comment_status":"open","ping_status":"open","sticky":false,"template":"","format":"standard","meta":{"footnotes":""},"categories":[297,315],"tags":[],"class_list":["post-12324","post","type-post","status-publish","format-standard","hentry","category-297","category-juli-2012"],"_links":{"self":[{"href":"http:\/\/karin.stampis.com\/blog\/index.php?rest_route=\/wp\/v2\/posts\/12324","targetHints":{"allow":["GET"]}}],"collection":[{"href":"http:\/\/karin.stampis.com\/blog\/index.php?rest_route=\/wp\/v2\/posts"}],"about":[{"href":"http:\/\/karin.stampis.com\/blog\/index.php?rest_route=\/wp\/v2\/types\/post"}],"author":[{"embeddable":true,"href":"http:\/\/karin.stampis.com\/blog\/index.php?rest_route=\/wp\/v2\/users\/1"}],"replies":[{"embeddable":true,"href":"http:\/\/karin.stampis.com\/blog\/index.php?rest_route=%2Fwp%2Fv2%2Fcomments&post=12324"}],"version-history":[{"count":13,"href":"http:\/\/karin.stampis.com\/blog\/index.php?rest_route=\/wp\/v2\/posts\/12324\/revisions"}],"predecessor-version":[{"id":12346,"href":"http:\/\/karin.stampis.com\/blog\/index.php?rest_route=\/wp\/v2\/posts\/12324\/revisions\/12346"}],"wp:attachment":[{"href":"http:\/\/karin.stampis.com\/blog\/index.php?rest_route=%2Fwp%2Fv2%2Fmedia&parent=12324"}],"wp:term":[{"taxonomy":"category","embeddable":true,"href":"http:\/\/karin.stampis.com\/blog\/index.php?rest_route=%2Fwp%2Fv2%2Fcategories&post=12324"},{"taxonomy":"post_tag","embeddable":true,"href":"http:\/\/karin.stampis.com\/blog\/index.php?rest_route=%2Fwp%2Fv2%2Ftags&post=12324"}],"curies":[{"name":"wp","href":"https:\/\/api.w.org\/{rel}","templated":true}]}}