{"id":12348,"date":"2012-07-22T11:21:24","date_gmt":"2012-07-22T09:21:24","guid":{"rendered":"http:\/\/karin.stampis.com\/blog\/?p=12348"},"modified":"2012-07-22T11:21:24","modified_gmt":"2012-07-22T09:21:24","slug":"sommarvadret","status":"publish","type":"post","link":"http:\/\/karin.stampis.com\/blog\/?p=12348","title":{"rendered":"Sommarv\u00e4dret"},"content":{"rendered":"<p>Ett mycket omtalat \u00e4mne i \u00e5r &#8211; sommarv\u00e4dret. Sj\u00e4lv tycker jag som vanligt tv\u00e4rtom mot majoriteten och \u00e4r n\u00f6jd med v\u00e4dret hitintills. Jag blir varm s\u00e5 l\u00e4tt nu, och h\u00e4nga p\u00e5 stranden \u00e4r ungef\u00e4r det sista jag skulle kunna t\u00e4nka mig att g\u00f6ra. D\u00e4remot \u00e4r det sk\u00f6nt med svalt och lite sm\u00e5regnigt v\u00e4der d\u00e5 man fixar hemma. Men nu s\u00e4gs det att det ska bli soligt v\u00e4der s\u00e5 jag \u00e4r \u00e4nd\u00e5 glad \u00e5 majoritetens v\u00e4gar. Och det blir bra att inte k\u00f6ra bil i \u00f6sregn &#8211; det finns ju \u00e4nd\u00e5 bra AC i bilen.<\/p>\n<p><a href=\"http:\/\/karin.stampis.com\/blog\/?attachment_id=12349\" rel=\"attachment wp-att-12349\"><img loading=\"lazy\" decoding=\"async\" class=\"aligncenter size-full wp-image-12349\" title=\"IMG_2895\" src=\"http:\/\/karin.stampis.com\/blog\/wp-content\/uploads\/2012\/07\/IMG_2895.jpg\" alt=\"\" width=\"600\" height=\"450\" srcset=\"http:\/\/karin.stampis.com\/blog\/wp-content\/uploads\/2012\/07\/IMG_2895.jpg 600w, http:\/\/karin.stampis.com\/blog\/wp-content\/uploads\/2012\/07\/IMG_2895-360x270.jpg 360w, http:\/\/karin.stampis.com\/blog\/wp-content\/uploads\/2012\/07\/IMG_2895-400x300.jpg 400w\" sizes=\"auto, (max-width: 600px) 100vw, 600px\" \/><\/a><\/p>\n","protected":false},"excerpt":{"rendered":"<p>Ett mycket omtalat \u00e4mne i \u00e5r &#8211; sommarv\u00e4dret. Sj\u00e4lv tycker jag som vanligt tv\u00e4rtom mot majoriteten och \u00e4r n\u00f6jd med v\u00e4dret hitintills. Jag blir varm s\u00e5 l\u00e4tt nu, och h\u00e4nga p\u00e5 stranden \u00e4r ungef\u00e4r det sista jag skulle kunna t\u00e4nka &hellip; <a href=\"http:\/\/karin.stampis.com\/blog\/?p=12348\">Continue reading <span class=\"meta-nav\">&rarr;<\/span><\/a><\/p>\n","protected":false},"author":1,"featured_media":0,"comment_status":"open","ping_status":"open","sticky":false,"template":"","format":"standard","meta":{"footnotes":""},"categories":[297,315],"tags":[],"class_list":["post-12348","post","type-post","status-publish","format-standard","hentry","category-297","category-juli-2012"],"_links":{"self":[{"href":"http:\/\/karin.stampis.com\/blog\/index.php?rest_route=\/wp\/v2\/posts\/12348","targetHints":{"allow":["GET"]}}],"collection":[{"href":"http:\/\/karin.stampis.com\/blog\/index.php?rest_route=\/wp\/v2\/posts"}],"about":[{"href":"http:\/\/karin.stampis.com\/blog\/index.php?rest_route=\/wp\/v2\/types\/post"}],"author":[{"embeddable":true,"href":"http:\/\/karin.stampis.com\/blog\/index.php?rest_route=\/wp\/v2\/users\/1"}],"replies":[{"embeddable":true,"href":"http:\/\/karin.stampis.com\/blog\/index.php?rest_route=%2Fwp%2Fv2%2Fcomments&post=12348"}],"version-history":[{"count":9,"href":"http:\/\/karin.stampis.com\/blog\/index.php?rest_route=\/wp\/v2\/posts\/12348\/revisions"}],"predecessor-version":[{"id":12358,"href":"http:\/\/karin.stampis.com\/blog\/index.php?rest_route=\/wp\/v2\/posts\/12348\/revisions\/12358"}],"wp:attachment":[{"href":"http:\/\/karin.stampis.com\/blog\/index.php?rest_route=%2Fwp%2Fv2%2Fmedia&parent=12348"}],"wp:term":[{"taxonomy":"category","embeddable":true,"href":"http:\/\/karin.stampis.com\/blog\/index.php?rest_route=%2Fwp%2Fv2%2Fcategories&post=12348"},{"taxonomy":"post_tag","embeddable":true,"href":"http:\/\/karin.stampis.com\/blog\/index.php?rest_route=%2Fwp%2Fv2%2Ftags&post=12348"}],"curies":[{"name":"wp","href":"https:\/\/api.w.org\/{rel}","templated":true}]}}