{"id":12449,"date":"2012-08-05T09:41:39","date_gmt":"2012-08-05T07:41:39","guid":{"rendered":"http:\/\/karin.stampis.com\/blog\/?p=12449"},"modified":"2013-02-09T14:36:17","modified_gmt":"2013-02-09T12:36:17","slug":"greggan-update","status":"publish","type":"post","link":"http:\/\/karin.stampis.com\/blog\/?p=12449","title":{"rendered":"Greggan-update"},"content":{"rendered":"<p>Nu har Greggan kommit en bit in p\u00e5 sin 30e vecka \ud83d\ude42 . Snart 75% avklarat allts\u00e5, men k\u00e4nns som det \u00e4r l\u00e4\u00e4\u00e4nge kvar tills tiden runt den 18e oktober d\u00e5 han ber\u00e4knas ploppa ut.<\/p>\n<p>M\u00e5ttet p\u00e5 kaggen (Sf-m\u00e5ttet) var nu lite \u00f6ver medellinjen. Han r\u00f6r sig som bara den &#8211; f\u00e5r se sen om det st\u00e4mmer att de som \u00e4r aktiva i magen \u00e4r aktiva \u00e4ven utanf\u00f6r den&#8230; Hans bov\u00e4rd har gjort test f\u00f6r graviditetsdiabetes, vilket hon inte hade, och hon m\u00e5r fint \u00e4n s\u00e5 l\u00e4nge \ud83d\ude42 .<\/p>\n<p>Nu \u00e4r en stor del av hans rum klart. Vi har f\u00e5tt\/f\u00e5tt l\u00e5na en massa bra och fina saker och kl\u00e4der av sn\u00e4lla sl\u00e4ktingar och v\u00e4nner. En del kvar att handla men de stora sakerna, typ s\u00e4ng, bilbarnstol och vagnar \u00e4r fixade \ud83d\ude42 .<\/p>\n<p>Sen en grej som \u00e4r kvar att fixa \u00e4r ju namnet, klurigt det d\u00e4r. Och nej, han ska inte heta Greger\/Greggan d\u00e5 han v\u00e4l kommit ut. Helt s\u00e4kert. \u00c4ven om det namnet har fastnat v\u00e4ldigt h\u00e5rt nu &#8211; han har hetat det sen innan han ens var p\u00e5t\u00e4nkt&#8230;<\/p>\n<p><a href=\"http:\/\/karin.stampis.com\/blog\/?attachment_id=12465\" rel=\"attachment wp-att-12465\"><img loading=\"lazy\" decoding=\"async\" class=\"aligncenter size-medium wp-image-12465\" title=\"DSC_0121\" src=\"http:\/\/karin.stampis.com\/blog\/wp-content\/uploads\/2012\/08\/DSC_0121-360x275.jpg\" alt=\"\" width=\"360\" height=\"275\" srcset=\"http:\/\/karin.stampis.com\/blog\/wp-content\/uploads\/2012\/08\/DSC_0121-360x275.jpg 360w, http:\/\/karin.stampis.com\/blog\/wp-content\/uploads\/2012\/08\/DSC_0121-392x300.jpg 392w, http:\/\/karin.stampis.com\/blog\/wp-content\/uploads\/2012\/08\/DSC_0121.jpg 600w\" sizes=\"auto, (max-width: 360px) 100vw, 360px\" \/><\/a><\/p>\n<p><em>Greggan<\/em><\/p>\n","protected":false},"excerpt":{"rendered":"<p>Nu har Greggan kommit en bit in p\u00e5 sin 30e vecka \ud83d\ude42 . Snart 75% avklarat allts\u00e5, men k\u00e4nns som det \u00e4r l\u00e4\u00e4\u00e4nge kvar tills tiden runt den 18e oktober d\u00e5 han ber\u00e4knas ploppa ut. M\u00e5ttet p\u00e5 kaggen (Sf-m\u00e5ttet) var &hellip; <a href=\"http:\/\/karin.stampis.com\/blog\/?p=12449\">Continue reading <span class=\"meta-nav\">&rarr;<\/span><\/a><\/p>\n","protected":false},"author":1,"featured_media":0,"comment_status":"open","ping_status":"open","sticky":false,"template":"","format":"standard","meta":{"footnotes":""},"categories":[297,322,319,317],"tags":[],"class_list":["post-12449","post","type-post","status-publish","format-standard","hentry","category-297","category-alfred","category-greggan","category-augusti-2012"],"_links":{"self":[{"href":"http:\/\/karin.stampis.com\/blog\/index.php?rest_route=\/wp\/v2\/posts\/12449","targetHints":{"allow":["GET"]}}],"collection":[{"href":"http:\/\/karin.stampis.com\/blog\/index.php?rest_route=\/wp\/v2\/posts"}],"about":[{"href":"http:\/\/karin.stampis.com\/blog\/index.php?rest_route=\/wp\/v2\/types\/post"}],"author":[{"embeddable":true,"href":"http:\/\/karin.stampis.com\/blog\/index.php?rest_route=\/wp\/v2\/users\/1"}],"replies":[{"embeddable":true,"href":"http:\/\/karin.stampis.com\/blog\/index.php?rest_route=%2Fwp%2Fv2%2Fcomments&post=12449"}],"version-history":[{"count":36,"href":"http:\/\/karin.stampis.com\/blog\/index.php?rest_route=\/wp\/v2\/posts\/12449\/revisions"}],"predecessor-version":[{"id":14748,"href":"http:\/\/karin.stampis.com\/blog\/index.php?rest_route=\/wp\/v2\/posts\/12449\/revisions\/14748"}],"wp:attachment":[{"href":"http:\/\/karin.stampis.com\/blog\/index.php?rest_route=%2Fwp%2Fv2%2Fmedia&parent=12449"}],"wp:term":[{"taxonomy":"category","embeddable":true,"href":"http:\/\/karin.stampis.com\/blog\/index.php?rest_route=%2Fwp%2Fv2%2Fcategories&post=12449"},{"taxonomy":"post_tag","embeddable":true,"href":"http:\/\/karin.stampis.com\/blog\/index.php?rest_route=%2Fwp%2Fv2%2Ftags&post=12449"}],"curies":[{"name":"wp","href":"https:\/\/api.w.org\/{rel}","templated":true}]}}