{"id":126,"date":"2008-10-19T09:38:38","date_gmt":"2008-10-19T07:38:38","guid":{"rendered":"http:\/\/karin.stampis.com\/blog\/?p=126"},"modified":"2008-10-28T22:32:38","modified_gmt":"2008-10-28T20:32:38","slug":"seg-lordag","status":"publish","type":"post","link":"http:\/\/karin.stampis.com\/blog\/?p=126","title":{"rendered":"Seg l\u00f6rdag"},"content":{"rendered":"<p>Ig\u00e5r var jag mycket tr\u00f6tt d\u00e5 jag \u00e4r h\u00f6st-f\u00f6rkyld plus hade haft en r\u00e4tt stressig vecka. Dessutom var det tr\u00e5kigt regnv\u00e4der. Hade tidigare planerat att g\u00e5 ut och shoppa, promenera och fika, men det k\u00e4ndes \u00f6verm\u00e4ktigt, s\u00e5 best\u00e4mde mig f\u00f6r att l\u00e4gga ner de planerna och \u201drelaxa\u201d (d.v.s. l\u00e4sa etc. och inte g\u00f6ra nyttiga saker s\u00e5som att st\u00e4da) hemma ist\u00e4llet. Det l\u00e5ter ju h\u00e4rligt i teorin. Jimmy protesterade inte (en man som f\u00e5r v\u00e4lja mellan shopping eller att sitta och datormecka har inte ett s\u00e5 sv\u00e5rt val..) och han hade en helbra dag. Jag d\u00e4remot ins\u00e5g, f\u00f6r vilken g\u00e5ng i ordningen vet jag inte, att g\u00e5 hemma en hel dag inte riktigt \u00e4r min grej. Speciellt inte om man \u00e4r lite sjuk och seg redan fr\u00e5n b\u00f6rjan. Jag hoppas verkligen jag slipper bli arbetsl\u00f6s eller sjukskriven n\u00e5gon g\u00e5ng! Jag blir bara s\u00e5 seg och kan inte fokusera p\u00e5 n\u00e5got. L\u00e5ngfrukost p\u00e5 morgonen var h\u00e4rligt, men strax efter den f\u00f6rsvann nog min f\u00f6rm\u00e5ga att relaxa f\u00f6r dagen\u2026<\/p>\n<p>Var sen f\u00f6r seg och ofokuserad f\u00f6r att l\u00e4sa (\u00e4r en v\u00e4ldigt bra bok dessutom), eller g\u00f6ra n\u00e5got annat f\u00f6r den delen, s\u00e5 vet inte riktigt vad jag gjorde under eftermiddagen. Jo, jag handtv\u00e4ttade lite, och sen lagade jag ju mat p\u00e5 kv\u00e4llen. Och s\u00e5 drack jag en massa kaffe (nymalet,mmmm), dels f\u00f6r det var s\u00e5 gott, och dels f\u00f6r att jag skulle piggna till ur min ofokuserade, tr\u00f6tta, koala-liknande tillvaro. Sen lyckades vi, typiskt nog, v\u00e4lja en j\u00e4tteseg film, som vi gav upp hoppet f\u00f6r efter en timme och som f\u00f6rsl\u00f6ade en \u00e4nnu mer. Sen s\u00e5g vi p\u00e5 en b\u00e4ttre film, men under tiden b\u00f6rjade jag m\u00e5 lite illa av allt kaffe och ins\u00e5g att jag druckit 7-8 koppar mycket starkt kaffe under dagen. S\u00e5 seg-l\u00f6rdagen slutade r\u00e4tt tidigt p.g.a. kaffed\u00e4ckning\u2026<\/p>\n<p>Men, att inte kunna relaxa p\u00e5 ett bra s\u00e4tt d\u00e5 jag har m\u00f6jlighet \u00e4r kanske ett lyx-problem, d\u00e5 jag p\u00e5 m\u00e5ndagar ofta har h\u00f6rt folk s\u00e4ga att det \u00e4r bra det \u00e4r jobb igen s\u00e5 de kan vila ut efter helgen?<\/p>\n<p><a href=\"http:\/\/karin.stampis.com\/blog\/wp-content\/uploads\/2008\/10\/220px-lightmatter_koalabear-200x3001.jpg\"><img loading=\"lazy\" decoding=\"async\" class=\"aligncenter size-medium wp-image-263\" title=\"220px-lightmatter_koalabear-200x3001\" src=\"http:\/\/karin.stampis.com\/blog\/wp-content\/uploads\/2008\/10\/220px-lightmatter_koalabear-200x3001.jpg\" alt=\"\" width=\"200\" height=\"300\" \/><\/a><br \/>\nSkulle jag varit ett djur denna dag hade det varit en koala\u2026<\/p>\n","protected":false},"excerpt":{"rendered":"<p>Ig\u00e5r var jag mycket tr\u00f6tt d\u00e5 jag \u00e4r h\u00f6st-f\u00f6rkyld plus hade haft en r\u00e4tt stressig vecka. Dessutom var det tr\u00e5kigt regnv\u00e4der. Hade tidigare planerat att g\u00e5 ut och shoppa, promenera och fika, men det k\u00e4ndes \u00f6verm\u00e4ktigt, s\u00e5 best\u00e4mde mig f\u00f6r &hellip; <a href=\"http:\/\/karin.stampis.com\/blog\/?p=126\">Continue reading <span class=\"meta-nav\">&rarr;<\/span><\/a><\/p>\n","protected":false},"author":1,"featured_media":0,"comment_status":"open","ping_status":"open","sticky":false,"template":"","format":"standard","meta":{"footnotes":""},"categories":[5],"tags":[33,32,15],"class_list":["post-126","post","type-post","status-publish","format-standard","hentry","category-oktober-2008","tag-kaffe","tag-koala","tag-segkarin"],"_links":{"self":[{"href":"http:\/\/karin.stampis.com\/blog\/index.php?rest_route=\/wp\/v2\/posts\/126","targetHints":{"allow":["GET"]}}],"collection":[{"href":"http:\/\/karin.stampis.com\/blog\/index.php?rest_route=\/wp\/v2\/posts"}],"about":[{"href":"http:\/\/karin.stampis.com\/blog\/index.php?rest_route=\/wp\/v2\/types\/post"}],"author":[{"embeddable":true,"href":"http:\/\/karin.stampis.com\/blog\/index.php?rest_route=\/wp\/v2\/users\/1"}],"replies":[{"embeddable":true,"href":"http:\/\/karin.stampis.com\/blog\/index.php?rest_route=%2Fwp%2Fv2%2Fcomments&post=126"}],"version-history":[{"count":4,"href":"http:\/\/karin.stampis.com\/blog\/index.php?rest_route=\/wp\/v2\/posts\/126\/revisions"}],"predecessor-version":[{"id":264,"href":"http:\/\/karin.stampis.com\/blog\/index.php?rest_route=\/wp\/v2\/posts\/126\/revisions\/264"}],"wp:attachment":[{"href":"http:\/\/karin.stampis.com\/blog\/index.php?rest_route=%2Fwp%2Fv2%2Fmedia&parent=126"}],"wp:term":[{"taxonomy":"category","embeddable":true,"href":"http:\/\/karin.stampis.com\/blog\/index.php?rest_route=%2Fwp%2Fv2%2Fcategories&post=126"},{"taxonomy":"post_tag","embeddable":true,"href":"http:\/\/karin.stampis.com\/blog\/index.php?rest_route=%2Fwp%2Fv2%2Ftags&post=126"}],"curies":[{"name":"wp","href":"https:\/\/api.w.org\/{rel}","templated":true}]}}