{"id":13651,"date":"2012-11-23T17:25:53","date_gmt":"2012-11-23T15:25:53","guid":{"rendered":"http:\/\/karin.stampis.com\/blog\/?p=13651"},"modified":"2013-02-09T14:11:42","modified_gmt":"2013-02-09T13:11:42","slug":"1-manad","status":"publish","type":"post","link":"http:\/\/karin.stampis.com\/blog\/?p=13651","title":{"rendered":"Alfred en m\u00e5nad"},"content":{"rendered":"<p>Idag blir v\u00e5r lille p\u00e5g en m\u00e5nad!<\/p>\n<p>Han v\u00e4xer p\u00e5 och v\u00e4ger strax \u00f6ver 5 kg &#8211; storlek 50 kunde vi inte anv\u00e4nda m\u00e5nga plagg i, och storlek 56 b\u00f6rjar sitta r\u00e4tt tajt. Allt v\u00e4xer p\u00e5 &#8211; de vassa klorna har vi f\u00e5tt klippa fr\u00e5n dag ett och snart f\u00e5r vi b\u00f6rja fundera p\u00e5 hur vi ska leka fris\u00f6rer :p. Han \u00e4r en v\u00e4ldigt vaken liten filur, med ett stort n\u00e4rhetsbehov och ett visst temperament, s\u00e5 det blir inte mycket tid till annat f\u00f6r mig :p.<\/p>\n<p>Han gillar: Vara n\u00e4ra, bli buren och vaggad, ligga i b\u00e4rsjal, sova under barnvagnsturer, att ha mycket folk runt sig, ljus, mat, napp, bada, synkronisera sitt eget \u00e4tande med sin mammas \u00e4tande, grymta som en gris, gagnam style (enligt Jimmy)<\/p>\n<p>Han gillar inte: magknip, m\u00f6rker, vara ensam i ett rum, sovrummet (tyv\u00e4rr&#8230;), att sova mellan klockan 22-02, sk\u00f6tbordet, f\u00f6rs\u00f6ka rapa<\/p>\n<p><em><a href=\"http:\/\/karin.stampis.com\/blog\/?attachment_id=13663\" rel=\"attachment wp-att-13663\"><img loading=\"lazy\" decoding=\"async\" class=\"aligncenter size-full wp-image-13663\" title=\"IMG_6862\" alt=\"\" src=\"http:\/\/karin.stampis.com\/blog\/wp-content\/uploads\/2012\/11\/IMG_6862.jpg\" width=\"600\" height=\"301\" srcset=\"http:\/\/karin.stampis.com\/blog\/wp-content\/uploads\/2012\/11\/IMG_6862.jpg 600w, http:\/\/karin.stampis.com\/blog\/wp-content\/uploads\/2012\/11\/IMG_6862-360x180.jpg 360w, http:\/\/karin.stampis.com\/blog\/wp-content\/uploads\/2012\/11\/IMG_6862-500x250.jpg 500w\" sizes=\"auto, (max-width: 600px) 100vw, 600px\" \/><\/a><\/em><\/p>\n","protected":false},"excerpt":{"rendered":"<p>Idag blir v\u00e5r lille p\u00e5g en m\u00e5nad! Han v\u00e4xer p\u00e5 och v\u00e4ger strax \u00f6ver 5 kg &#8211; storlek 50 kunde vi inte anv\u00e4nda m\u00e5nga plagg i, och storlek 56 b\u00f6rjar sitta r\u00e4tt tajt. Allt v\u00e4xer p\u00e5 &#8211; de vassa klorna &hellip; <a href=\"http:\/\/karin.stampis.com\/blog\/?p=13651\">Continue reading <span class=\"meta-nav\">&rarr;<\/span><\/a><\/p>\n","protected":false},"author":1,"featured_media":0,"comment_status":"open","ping_status":"open","sticky":false,"template":"","format":"standard","meta":{"footnotes":""},"categories":[322,330,338,323],"tags":[],"class_list":["post-13651","post","type-post","status-publish","format-standard","hentry","category-alfred","category-fyller-manad","category-langd-och-vikt-alfred","category-november-2012"],"_links":{"self":[{"href":"http:\/\/karin.stampis.com\/blog\/index.php?rest_route=\/wp\/v2\/posts\/13651","targetHints":{"allow":["GET"]}}],"collection":[{"href":"http:\/\/karin.stampis.com\/blog\/index.php?rest_route=\/wp\/v2\/posts"}],"about":[{"href":"http:\/\/karin.stampis.com\/blog\/index.php?rest_route=\/wp\/v2\/types\/post"}],"author":[{"embeddable":true,"href":"http:\/\/karin.stampis.com\/blog\/index.php?rest_route=\/wp\/v2\/users\/1"}],"replies":[{"embeddable":true,"href":"http:\/\/karin.stampis.com\/blog\/index.php?rest_route=%2Fwp%2Fv2%2Fcomments&post=13651"}],"version-history":[{"count":20,"href":"http:\/\/karin.stampis.com\/blog\/index.php?rest_route=\/wp\/v2\/posts\/13651\/revisions"}],"predecessor-version":[{"id":14772,"href":"http:\/\/karin.stampis.com\/blog\/index.php?rest_route=\/wp\/v2\/posts\/13651\/revisions\/14772"}],"wp:attachment":[{"href":"http:\/\/karin.stampis.com\/blog\/index.php?rest_route=%2Fwp%2Fv2%2Fmedia&parent=13651"}],"wp:term":[{"taxonomy":"category","embeddable":true,"href":"http:\/\/karin.stampis.com\/blog\/index.php?rest_route=%2Fwp%2Fv2%2Fcategories&post=13651"},{"taxonomy":"post_tag","embeddable":true,"href":"http:\/\/karin.stampis.com\/blog\/index.php?rest_route=%2Fwp%2Fv2%2Ftags&post=13651"}],"curies":[{"name":"wp","href":"https:\/\/api.w.org\/{rel}","templated":true}]}}