{"id":1379,"date":"2009-01-17T11:27:04","date_gmt":"2009-01-17T10:27:04","guid":{"rendered":"http:\/\/karin.stampis.com\/blog\/?p=1379"},"modified":"2009-01-17T12:35:05","modified_gmt":"2009-01-17T11:35:05","slug":"tv-zappande","status":"publish","type":"post","link":"http:\/\/karin.stampis.com\/blog\/?p=1379","title":{"rendered":"TV-zappande"},"content":{"rendered":"<p>Fredagen var najs. Quesadillan med bacon i var supermumsig, och den andra sortens quesadilla var helt OK. Vinet var helt OK det med. Fast efter veckan som varit s\u00e5 orkade vi inte planera roliga saker just idag, utan vi best\u00e4mde oss att kolla p\u00e5 film ist\u00e4llet. Fast f\u00f6rst skulle vi ta en zap-runda och den tog s\u00e5 l\u00e5ng tid att vi inte hann med n\u00e5gon film.<\/p>\n<p><a rel=\"attachment wp-att-1383\" href=\"http:\/\/karin.stampis.com\/blog\/?attachment_id=1383\"><img loading=\"lazy\" decoding=\"async\" class=\"aligncenter size-full wp-image-1383\" title=\"tv\" src=\"http:\/\/karin.stampis.com\/blog\/wp-content\/uploads\/2009\/01\/tv.jpg\" alt=\"tv\" width=\"116\" height=\"112\" \/><\/a><\/p>\n<p>F\u00f6rst kom vi in p\u00e5 &#8220;P\u00e5 Sp\u00e5ret&#8221;. Mina p\u00e4ron ser alltid p\u00e5 det och d\u00e5 vi h\u00e4lsar p\u00e5 d\u00e4r kan de allt och vi ingenting. Fast nu kunde vi j\u00e4ttemycket av det vi s\u00e5g, f\u00f6rsta resm\u00e5let p\u00e5 8 po\u00e4ng (Belgrad, trots att vi aldrig varit d\u00e4r) och sen n\u00e4stan rubbet av f\u00f6ljdfr\u00e5gorna, v\u00e4ldigt otippat! Synd inte p\u00e4ronen var med s\u00e5 vi kunde utmanat dom,hihi \ud83d\ude09 .<\/p>\n<p><a rel=\"attachment wp-att-1384\" href=\"http:\/\/karin.stampis.com\/blog\/?attachment_id=1384\"><img loading=\"lazy\" decoding=\"async\" class=\"aligncenter size-medium wp-image-1384\" title=\"belgrade_iz_balona\" src=\"http:\/\/karin.stampis.com\/blog\/wp-content\/uploads\/2009\/01\/belgrade_iz_balona-359x226.jpg\" alt=\"belgrade_iz_balona\" width=\"359\" height=\"226\" srcset=\"http:\/\/karin.stampis.com\/blog\/wp-content\/uploads\/2009\/01\/belgrade_iz_balona-359x226.jpg 359w, http:\/\/karin.stampis.com\/blog\/wp-content\/uploads\/2009\/01\/belgrade_iz_balona.jpg 603w\" sizes=\"auto, (max-width: 359px) 100vw, 359px\" \/><\/a><em>Belgrad. Jag hade koll p\u00e5 att fotbollslaget d\u00e4rifr\u00e5n som vann Europacupen 1991 heter R\u00f6da stj\u00e4rnan. Mycket meningsfull information man lagrar i hj\u00e4rnan&#8230;<\/em><\/p>\n<p>Zappade vidare till &#8220;Let&#8217;s Dance&#8221; , ett program som jag inte \u00e4r s\u00e5 f\u00f6rtjust i. Men efter att sett vilka deltagarna var k\u00f6rde vi en snabbvariant och s\u00e5g vissa av danserna p\u00e5 datorn (s\u00e5 man kan h\u00e4nga med i diskussionerna p\u00e5 m\u00e5ndag :-p ). Pallade bara se 4 st, Carl-Jan (gave me the creeps,brrr), Isabella (fick the creeps igen av sj\u00e4lva personligheten), Kitty (kanske inte den med mest rytmk\u00e4nsla&#8230;) och Magnus Samuelsson.\u00a0 Magnus tyckte jag var cool, coolt att en man av den storleken kan dansa runt. Jag blev lite nyfiken p\u00e5 hur stor han \u00e4r s\u00e5 kollade upp honom p\u00e5 internet. Han har ett BMI p\u00e5 37.5 , vilket klassas som grav fetma, vilket ytterligare bevisar att BMI inte \u00e4r ett bra m\u00e5tt p\u00e5 \u00f6vervikt&#8230; Sen hade han en axelbredd p\u00e5 90 cm, vilket \u00e4r r\u00e4tt imponerande. Ett tips \u00e4r att j\u00e4mf\u00f6ra med sig sj\u00e4lv f\u00f6r att se hur stort det \u00e4r &#8211; jag j\u00e4mf\u00f6rde med min k\u00e4re make, som har XL i skjortor d\u00e5 mindre storlekar \u00e4r f\u00f6r sm\u00e5 i axelbredd, och Magnus hade n\u00e4stan dubbla axelbredden! Sen blev jag lite avis p\u00e5 att han f\u00f6rbrukar 8500 kalorier om dagen &#8211; t\u00e4nk vad mycket gott man hade kunnat \u00e4ta f\u00f6r den m\u00e4ngden!<\/p>\n<p>Sen s\u00e5g vi lite p\u00e5 skidor fr\u00e5n Vancouver. Just Vancouver skulle vi g\u00e4rna vilja \u00e5ka till, ligger n\u00e4ra Seattle s\u00e5 borde vara ganska likt, men det ligger ju i Canada ist\u00e4llet f\u00f6r USA vilket \u00e4r ett stort plus. Dock blev jag h\u00e4r informerad om att n\u00e4sta vinter-OS skulle vara i Vancouver (jag vet, alla utom jag visste v\u00e4l redan detta), s\u00e5 resan till Vancouver blir knappast under vintern 2010&#8230;<\/p>\n<p><a rel=\"attachment wp-att-1385\" href=\"http:\/\/karin.stampis.com\/blog\/?attachment_id=1385\"><img loading=\"lazy\" decoding=\"async\" class=\"aligncenter size-medium wp-image-1385\" title=\"800px-vancouver_panorama\" src=\"http:\/\/karin.stampis.com\/blog\/wp-content\/uploads\/2009\/01\/800px-vancouver_panorama-360x182.jpg\" alt=\"800px-vancouver_panorama\" width=\"360\" height=\"182\" srcset=\"http:\/\/karin.stampis.com\/blog\/wp-content\/uploads\/2009\/01\/800px-vancouver_panorama-360x182.jpg 360w, http:\/\/karin.stampis.com\/blog\/wp-content\/uploads\/2009\/01\/800px-vancouver_panorama.jpg 800w\" sizes=\"auto, (max-width: 360px) 100vw, 360px\" \/><\/a><em>Vackra Vancouver<\/em><\/p>\n<p>Slutligen s\u00e5gs vi &#8220;groomer has it&#8221;. En t\u00e4vling med likartat uppl\u00e4gg som Top Model och likartade program, d\u00e4r folk f\u00e5r bor ihop i ett hus, f\u00e5 uppgifter och sen elimineras en bort per avsnitt. Detta handlade dock om hundtrimmare. I detta f\u00f6rsta avsnitt fick de trimma en garnhund. M\u00e5nga av hundtrimmarna jobbade i LA, vilket man s\u00e5g p\u00e5 slutresultatet d\u00e5 de flesta hade f\u00e4rgat hundarna i rosa&#8230;huuuu&#8230;<\/p>\n<p><a rel=\"attachment wp-att-1386\" href=\"http:\/\/karin.stampis.com\/blog\/?attachment_id=1386\"><img loading=\"lazy\" decoding=\"async\" class=\"aligncenter size-medium wp-image-1386\" title=\"rosahund\" src=\"http:\/\/karin.stampis.com\/blog\/wp-content\/uploads\/2009\/01\/rosahund-360x240.jpg\" alt=\"rosahund\" width=\"360\" height=\"240\" srcset=\"http:\/\/karin.stampis.com\/blog\/wp-content\/uploads\/2009\/01\/rosahund-360x240.jpg 360w, http:\/\/karin.stampis.com\/blog\/wp-content\/uploads\/2009\/01\/rosahund.jpg 600w\" sizes=\"auto, (max-width: 360px) 100vw, 360px\" \/><\/a><\/p>\n<p><em>Sn\u00e4lla hund\u00e4gande v\u00e4nner &#8211; g\u00f6r inte detta!!<\/em><\/p>\n<p>S\u00e5 det var en trevlig om \u00e4n lite lustig fredagskv\u00e4ll&#8230;.<\/p>\n","protected":false},"excerpt":{"rendered":"<p>Fredagen var najs. Quesadillan med bacon i var supermumsig, och den andra sortens quesadilla var helt OK. Vinet var helt OK det med. Fast efter veckan som varit s\u00e5 orkade vi inte planera roliga saker just idag, utan vi best\u00e4mde &hellip; <a href=\"http:\/\/karin.stampis.com\/blog\/?p=1379\">Continue reading <span class=\"meta-nav\">&rarr;<\/span><\/a><\/p>\n","protected":false},"author":1,"featured_media":0,"comment_status":"open","ping_status":"open","sticky":false,"template":"","format":"standard","meta":{"footnotes":""},"categories":[130],"tags":[24,148],"class_list":["post-1379","post","type-post","status-publish","format-standard","hentry","category-januari-2009","tag-fredagskvall","tag-tv"],"_links":{"self":[{"href":"http:\/\/karin.stampis.com\/blog\/index.php?rest_route=\/wp\/v2\/posts\/1379","targetHints":{"allow":["GET"]}}],"collection":[{"href":"http:\/\/karin.stampis.com\/blog\/index.php?rest_route=\/wp\/v2\/posts"}],"about":[{"href":"http:\/\/karin.stampis.com\/blog\/index.php?rest_route=\/wp\/v2\/types\/post"}],"author":[{"embeddable":true,"href":"http:\/\/karin.stampis.com\/blog\/index.php?rest_route=\/wp\/v2\/users\/1"}],"replies":[{"embeddable":true,"href":"http:\/\/karin.stampis.com\/blog\/index.php?rest_route=%2Fwp%2Fv2%2Fcomments&post=1379"}],"version-history":[{"count":17,"href":"http:\/\/karin.stampis.com\/blog\/index.php?rest_route=\/wp\/v2\/posts\/1379\/revisions"}],"predecessor-version":[{"id":1415,"href":"http:\/\/karin.stampis.com\/blog\/index.php?rest_route=\/wp\/v2\/posts\/1379\/revisions\/1415"}],"wp:attachment":[{"href":"http:\/\/karin.stampis.com\/blog\/index.php?rest_route=%2Fwp%2Fv2%2Fmedia&parent=1379"}],"wp:term":[{"taxonomy":"category","embeddable":true,"href":"http:\/\/karin.stampis.com\/blog\/index.php?rest_route=%2Fwp%2Fv2%2Fcategories&post=1379"},{"taxonomy":"post_tag","embeddable":true,"href":"http:\/\/karin.stampis.com\/blog\/index.php?rest_route=%2Fwp%2Fv2%2Ftags&post=1379"}],"curies":[{"name":"wp","href":"https:\/\/api.w.org\/{rel}","templated":true}]}}