{"id":13883,"date":"2012-12-17T11:50:47","date_gmt":"2012-12-17T09:50:47","guid":{"rendered":"http:\/\/karin.stampis.com\/blog\/?p=13883"},"modified":"2013-02-09T14:28:58","modified_gmt":"2013-02-09T12:28:58","slug":"smile","status":"publish","type":"post","link":"http:\/\/karin.stampis.com\/blog\/?p=13883","title":{"rendered":"Smile"},"content":{"rendered":"<p>Senaste veckan har Alfred b\u00f6rjat le och skratta allt oftare \ud83d\ude42 . Vissa dagar garvar han n\u00e4stan hela dagen, s\u00e5 p\u00e5 senaste tid har han haft ett riktigt bra temperament.<\/p>\n<p>Men han har ett sj\u00e4tte sinne som uppt\u00e4cker d\u00e5 man har kameran utom r\u00e4ckh\u00e5ll, och det \u00e4r oftast d\u00e5 som leende och skratt kommer. Och n\u00e4r man har kameran ovanf\u00f6r honom ser han mest konfunderad ut&#8230;<\/p>\n<p>Men h\u00e4r \u00e4r i alla fall foton fr\u00e5n en skrattsession:<\/p>\n<p><a href=\"http:\/\/karin.stampis.com\/blog\/?attachment_id=13927\" rel=\"attachment wp-att-13927\"><img loading=\"lazy\" decoding=\"async\" class=\"aligncenter size-full wp-image-13927\" title=\"IMG_7278\" src=\"http:\/\/karin.stampis.com\/blog\/wp-content\/uploads\/2012\/12\/IMG_7278.jpg\" alt=\"\" width=\"440\" height=\"600\" srcset=\"http:\/\/karin.stampis.com\/blog\/wp-content\/uploads\/2012\/12\/IMG_7278.jpg 440w, http:\/\/karin.stampis.com\/blog\/wp-content\/uploads\/2012\/12\/IMG_7278-264x360.jpg 264w, http:\/\/karin.stampis.com\/blog\/wp-content\/uploads\/2012\/12\/IMG_7278-220x300.jpg 220w\" sizes=\"auto, (max-width: 440px) 100vw, 440px\" \/><\/a><\/p>\n<p><a href=\"http:\/\/karin.stampis.com\/blog\/?attachment_id=13946\" rel=\"attachment wp-att-13946\"><img loading=\"lazy\" decoding=\"async\" class=\"aligncenter size-full wp-image-13946\" title=\"IMG_7281\" src=\"http:\/\/karin.stampis.com\/blog\/wp-content\/uploads\/2012\/12\/IMG_7281.jpg\" alt=\"\" width=\"439\" height=\"600\" srcset=\"http:\/\/karin.stampis.com\/blog\/wp-content\/uploads\/2012\/12\/IMG_7281.jpg 439w, http:\/\/karin.stampis.com\/blog\/wp-content\/uploads\/2012\/12\/IMG_7281-263x360.jpg 263w, http:\/\/karin.stampis.com\/blog\/wp-content\/uploads\/2012\/12\/IMG_7281-219x300.jpg 219w\" sizes=\"auto, (max-width: 439px) 100vw, 439px\" \/><\/a><\/p>\n<p>Sen blev han tr\u00f6tt p\u00e5 kameran<\/p>\n<p><a href=\"http:\/\/karin.stampis.com\/blog\/?attachment_id=13945\" rel=\"attachment wp-att-13945\"><img loading=\"lazy\" decoding=\"async\" class=\"aligncenter size-full wp-image-13945\" title=\"IMG_7274\" src=\"http:\/\/karin.stampis.com\/blog\/wp-content\/uploads\/2012\/12\/IMG_7274.jpg\" alt=\"\" width=\"510\" height=\"600\" srcset=\"http:\/\/karin.stampis.com\/blog\/wp-content\/uploads\/2012\/12\/IMG_7274.jpg 510w, http:\/\/karin.stampis.com\/blog\/wp-content\/uploads\/2012\/12\/IMG_7274-306x360.jpg 306w, http:\/\/karin.stampis.com\/blog\/wp-content\/uploads\/2012\/12\/IMG_7274-255x300.jpg 255w\" sizes=\"auto, (max-width: 510px) 100vw, 510px\" \/><\/a><\/p>\n","protected":false},"excerpt":{"rendered":"<p>Senaste veckan har Alfred b\u00f6rjat le och skratta allt oftare \ud83d\ude42 . Vissa dagar garvar han n\u00e4stan hela dagen, s\u00e5 p\u00e5 senaste tid har han haft ett riktigt bra temperament. Men han har ett sj\u00e4tte sinne som uppt\u00e4cker d\u00e5 man &hellip; <a href=\"http:\/\/karin.stampis.com\/blog\/?p=13883\">Continue reading <span class=\"meta-nav\">&rarr;<\/span><\/a><\/p>\n","protected":false},"author":1,"featured_media":0,"comment_status":"open","ping_status":"open","sticky":false,"template":"","format":"standard","meta":{"footnotes":""},"categories":[297,322,339,326],"tags":[],"class_list":["post-13883","post","type-post","status-publish","format-standard","hentry","category-297","category-alfred","category-utveckling-alfred","category-december-2012"],"_links":{"self":[{"href":"http:\/\/karin.stampis.com\/blog\/index.php?rest_route=\/wp\/v2\/posts\/13883","targetHints":{"allow":["GET"]}}],"collection":[{"href":"http:\/\/karin.stampis.com\/blog\/index.php?rest_route=\/wp\/v2\/posts"}],"about":[{"href":"http:\/\/karin.stampis.com\/blog\/index.php?rest_route=\/wp\/v2\/types\/post"}],"author":[{"embeddable":true,"href":"http:\/\/karin.stampis.com\/blog\/index.php?rest_route=\/wp\/v2\/users\/1"}],"replies":[{"embeddable":true,"href":"http:\/\/karin.stampis.com\/blog\/index.php?rest_route=%2Fwp%2Fv2%2Fcomments&post=13883"}],"version-history":[{"count":19,"href":"http:\/\/karin.stampis.com\/blog\/index.php?rest_route=\/wp\/v2\/posts\/13883\/revisions"}],"predecessor-version":[{"id":14723,"href":"http:\/\/karin.stampis.com\/blog\/index.php?rest_route=\/wp\/v2\/posts\/13883\/revisions\/14723"}],"wp:attachment":[{"href":"http:\/\/karin.stampis.com\/blog\/index.php?rest_route=%2Fwp%2Fv2%2Fmedia&parent=13883"}],"wp:term":[{"taxonomy":"category","embeddable":true,"href":"http:\/\/karin.stampis.com\/blog\/index.php?rest_route=%2Fwp%2Fv2%2Fcategories&post=13883"},{"taxonomy":"post_tag","embeddable":true,"href":"http:\/\/karin.stampis.com\/blog\/index.php?rest_route=%2Fwp%2Fv2%2Ftags&post=13883"}],"curies":[{"name":"wp","href":"https:\/\/api.w.org\/{rel}","templated":true}]}}