{"id":13902,"date":"2012-12-23T12:40:36","date_gmt":"2012-12-23T10:40:36","guid":{"rendered":"http:\/\/karin.stampis.com\/blog\/?p=13902"},"modified":"2014-07-20T19:08:25","modified_gmt":"2014-07-20T18:08:25","slug":"alfred-tva-manader","status":"publish","type":"post","link":"http:\/\/karin.stampis.com\/blog\/?p=13902","title":{"rendered":"Alfred tv\u00e5 m\u00e5nader"},"content":{"rendered":"<p>Idag blir Alfred 2 m\u00e5nader \ud83d\ude42 . Han har b\u00f6rjat dagen med ett str\u00e5lande hum\u00f6r\u00a0 &#8211; han tycker det \u00e4r skoj att vara p\u00e5 landet med fler m\u00e4nniskor och nya saker omkring sig.<\/p>\n<p>Han f\u00f6ljer stabilt sin +1 SD kurva f\u00f6r l\u00e4ngd, vikt och huvudomf\u00e5ng. 60 cm l\u00e5ng och 6.2 kg tung &#8211; storlek 62 \u00e4ven om 68 ofta passar helt ok det med.<\/p>\n<p>Det k\u00e4nns som att han har f\u00e5tt ett \u00f6kat medvetande de senaste veckorna. Han skrattar och ler oftare, speciellt om man ler mot honom eller kittlar honom. Han tittar intensivt p\u00e5 saker i omgivningen. De st\u00f6rsta motoriska intressena \u00e4r att f\u00f6rs\u00f6ka v\u00e4nda sig fr\u00e5n rygg till mage\u00a0 och att \u00e4ta p\u00e5 sina h\u00e4nder (oftast g\u00f6r han dessa sysslor samtidigt). Han har dock inte full koll p\u00e5 h\u00e4nder och armar s\u00e5 ibland sl\u00e5r han sig sj\u00e4lv i huvudet eller blir arg d\u00e5 han drar bort h\u00e4nderna fr\u00e5n munnen.<\/p>\n<p><a href=\"http:\/\/karin.stampis.com\/blog\/?attachment_id=13903\" rel=\"attachment wp-att-13903\"><img loading=\"lazy\" decoding=\"async\" class=\"aligncenter size-full wp-image-13903\" title=\"IMG_7112\" alt=\"\" src=\"http:\/\/karin.stampis.com\/blog\/wp-content\/uploads\/2012\/12\/IMG_7112.jpg\" width=\"600\" height=\"419\" srcset=\"http:\/\/karin.stampis.com\/blog\/wp-content\/uploads\/2012\/12\/IMG_7112.jpg 600w, http:\/\/karin.stampis.com\/blog\/wp-content\/uploads\/2012\/12\/IMG_7112-360x251.jpg 360w, http:\/\/karin.stampis.com\/blog\/wp-content\/uploads\/2012\/12\/IMG_7112-429x300.jpg 429w\" sizes=\"auto, (max-width: 600px) 100vw, 600px\" \/><\/a><\/p>\n<p><a href=\"http:\/\/karin.stampis.com\/blog\/?attachment_id=13904\" rel=\"attachment wp-att-13904\"><img loading=\"lazy\" decoding=\"async\" class=\"aligncenter size-full wp-image-13904\" title=\"IMG_7117\" alt=\"\" src=\"http:\/\/karin.stampis.com\/blog\/wp-content\/uploads\/2012\/12\/IMG_7117.jpg\" width=\"600\" height=\"439\" srcset=\"http:\/\/karin.stampis.com\/blog\/wp-content\/uploads\/2012\/12\/IMG_7117.jpg 600w, http:\/\/karin.stampis.com\/blog\/wp-content\/uploads\/2012\/12\/IMG_7117-360x263.jpg 360w, http:\/\/karin.stampis.com\/blog\/wp-content\/uploads\/2012\/12\/IMG_7117-410x300.jpg 410w\" sizes=\"auto, (max-width: 600px) 100vw, 600px\" \/><\/a><\/p>\n<p style=\"text-align: center;\"><a href=\"http:\/\/karin.stampis.com\/blog\/?attachment_id=13906\" rel=\"attachment wp-att-13906\"><img loading=\"lazy\" decoding=\"async\" class=\"aligncenter size-full wp-image-13906\" title=\"IMG_7128\" alt=\"\" src=\"http:\/\/karin.stampis.com\/blog\/wp-content\/uploads\/2012\/12\/IMG_7128.jpg\" width=\"600\" height=\"557\" srcset=\"http:\/\/karin.stampis.com\/blog\/wp-content\/uploads\/2012\/12\/IMG_7128.jpg 600w, http:\/\/karin.stampis.com\/blog\/wp-content\/uploads\/2012\/12\/IMG_7128-360x334.jpg 360w, http:\/\/karin.stampis.com\/blog\/wp-content\/uploads\/2012\/12\/IMG_7128-323x300.jpg 323w\" sizes=\"auto, (max-width: 600px) 100vw, 600px\" \/><\/a><a href=\"http:\/\/karin.stampis.com\/blog\/?attachment_id=13905\" rel=\"attachment wp-att-13905\"><img loading=\"lazy\" decoding=\"async\" class=\"aligncenter  wp-image-13905\" title=\"IMG_7127\" alt=\"\" src=\"http:\/\/karin.stampis.com\/blog\/wp-content\/uploads\/2012\/12\/IMG_7127.jpg\" width=\"581\" height=\"591\" srcset=\"http:\/\/karin.stampis.com\/blog\/wp-content\/uploads\/2012\/12\/IMG_7127.jpg 2691w, http:\/\/karin.stampis.com\/blog\/wp-content\/uploads\/2012\/12\/IMG_7127-354x360.jpg 354w, http:\/\/karin.stampis.com\/blog\/wp-content\/uploads\/2012\/12\/IMG_7127-1007x1024.jpg 1007w, http:\/\/karin.stampis.com\/blog\/wp-content\/uploads\/2012\/12\/IMG_7127-295x300.jpg 295w\" sizes=\"auto, (max-width: 581px) 100vw, 581px\" \/><\/a><\/p>\n","protected":false},"excerpt":{"rendered":"<p>Idag blir Alfred 2 m\u00e5nader \ud83d\ude42 . Han har b\u00f6rjat dagen med ett str\u00e5lande hum\u00f6r\u00a0 &#8211; han tycker det \u00e4r skoj att vara p\u00e5 landet med fler m\u00e4nniskor och nya saker omkring sig. Han f\u00f6ljer stabilt sin +1 SD kurva &hellip; <a href=\"http:\/\/karin.stampis.com\/blog\/?p=13902\">Continue reading <span class=\"meta-nav\">&rarr;<\/span><\/a><\/p>\n","protected":false},"author":1,"featured_media":0,"comment_status":"open","ping_status":"open","sticky":false,"template":"","format":"standard","meta":{"footnotes":""},"categories":[297,322,330,338,339,326],"tags":[],"class_list":["post-13902","post","type-post","status-publish","format-standard","hentry","category-297","category-alfred","category-fyller-manad","category-langd-och-vikt-alfred","category-utveckling-alfred","category-december-2012"],"_links":{"self":[{"href":"http:\/\/karin.stampis.com\/blog\/index.php?rest_route=\/wp\/v2\/posts\/13902","targetHints":{"allow":["GET"]}}],"collection":[{"href":"http:\/\/karin.stampis.com\/blog\/index.php?rest_route=\/wp\/v2\/posts"}],"about":[{"href":"http:\/\/karin.stampis.com\/blog\/index.php?rest_route=\/wp\/v2\/types\/post"}],"author":[{"embeddable":true,"href":"http:\/\/karin.stampis.com\/blog\/index.php?rest_route=\/wp\/v2\/users\/1"}],"replies":[{"embeddable":true,"href":"http:\/\/karin.stampis.com\/blog\/index.php?rest_route=%2Fwp%2Fv2%2Fcomments&post=13902"}],"version-history":[{"count":20,"href":"http:\/\/karin.stampis.com\/blog\/index.php?rest_route=\/wp\/v2\/posts\/13902\/revisions"}],"predecessor-version":[{"id":18554,"href":"http:\/\/karin.stampis.com\/blog\/index.php?rest_route=\/wp\/v2\/posts\/13902\/revisions\/18554"}],"wp:attachment":[{"href":"http:\/\/karin.stampis.com\/blog\/index.php?rest_route=%2Fwp%2Fv2%2Fmedia&parent=13902"}],"wp:term":[{"taxonomy":"category","embeddable":true,"href":"http:\/\/karin.stampis.com\/blog\/index.php?rest_route=%2Fwp%2Fv2%2Fcategories&post=13902"},{"taxonomy":"post_tag","embeddable":true,"href":"http:\/\/karin.stampis.com\/blog\/index.php?rest_route=%2Fwp%2Fv2%2Ftags&post=13902"}],"curies":[{"name":"wp","href":"https:\/\/api.w.org\/{rel}","templated":true}]}}