{"id":13976,"date":"2012-12-22T16:12:50","date_gmt":"2012-12-22T14:12:50","guid":{"rendered":"http:\/\/karin.stampis.com\/blog\/?p=13976"},"modified":"2013-02-09T14:05:33","modified_gmt":"2013-02-09T13:05:33","slug":"isbjorn","status":"publish","type":"post","link":"http:\/\/karin.stampis.com\/blog\/?p=13976","title":{"rendered":"Isbj\u00f6rn"},"content":{"rendered":"<p>Om det blir kallt i jul.<\/p>\n<p><a href=\"http:\/\/karin.stampis.com\/blog\/?attachment_id=13977\" rel=\"attachment wp-att-13977\"><img loading=\"lazy\" decoding=\"async\" class=\"aligncenter size-full wp-image-13977\" title=\"IMG_7310\" alt=\"\" src=\"http:\/\/karin.stampis.com\/blog\/wp-content\/uploads\/2012\/12\/IMG_7310.jpg\" width=\"600\" height=\"579\" srcset=\"http:\/\/karin.stampis.com\/blog\/wp-content\/uploads\/2012\/12\/IMG_7310.jpg 600w, http:\/\/karin.stampis.com\/blog\/wp-content\/uploads\/2012\/12\/IMG_7310-360x347.jpg 360w, http:\/\/karin.stampis.com\/blog\/wp-content\/uploads\/2012\/12\/IMG_7310-310x300.jpg 310w\" sizes=\"auto, (max-width: 600px) 100vw, 600px\" \/><\/a><\/p>\n<p><a href=\"http:\/\/karin.stampis.com\/blog\/?attachment_id=13986\" rel=\"attachment wp-att-13986\"><img loading=\"lazy\" decoding=\"async\" class=\"aligncenter size-full wp-image-13986\" title=\"IMG_7313\" alt=\"\" src=\"http:\/\/karin.stampis.com\/blog\/wp-content\/uploads\/2012\/12\/IMG_73131.jpg\" width=\"600\" height=\"436\" srcset=\"http:\/\/karin.stampis.com\/blog\/wp-content\/uploads\/2012\/12\/IMG_73131.jpg 600w, http:\/\/karin.stampis.com\/blog\/wp-content\/uploads\/2012\/12\/IMG_73131-360x261.jpg 360w, http:\/\/karin.stampis.com\/blog\/wp-content\/uploads\/2012\/12\/IMG_73131-412x300.jpg 412w\" sizes=\"auto, (max-width: 600px) 100vw, 600px\" \/><\/a><\/p>\n<p>Tack Jessika f\u00f6r l\u00e5net \ud83d\ude42<\/p>\n<p>Nu m\u00e5r jag f\u00f6rresten mycket b\u00e4ttre &#8211; feberfri och inte lika ont l\u00e4ngre \ud83d\ude42 .<\/p>\n","protected":false},"excerpt":{"rendered":"<p>Om det blir kallt i jul. Tack Jessika f\u00f6r l\u00e5net \ud83d\ude42 Nu m\u00e5r jag f\u00f6rresten mycket b\u00e4ttre &#8211; feberfri och inte lika ont l\u00e4ngre \ud83d\ude42 .<\/p>\n","protected":false},"author":1,"featured_media":0,"comment_status":"open","ping_status":"open","sticky":false,"template":"","format":"standard","meta":{"footnotes":""},"categories":[297,322,341,326],"tags":[],"class_list":["post-13976","post","type-post","status-publish","format-standard","hentry","category-297","category-alfred","category-alfreds-klader","category-december-2012"],"_links":{"self":[{"href":"http:\/\/karin.stampis.com\/blog\/index.php?rest_route=\/wp\/v2\/posts\/13976","targetHints":{"allow":["GET"]}}],"collection":[{"href":"http:\/\/karin.stampis.com\/blog\/index.php?rest_route=\/wp\/v2\/posts"}],"about":[{"href":"http:\/\/karin.stampis.com\/blog\/index.php?rest_route=\/wp\/v2\/types\/post"}],"author":[{"embeddable":true,"href":"http:\/\/karin.stampis.com\/blog\/index.php?rest_route=\/wp\/v2\/users\/1"}],"replies":[{"embeddable":true,"href":"http:\/\/karin.stampis.com\/blog\/index.php?rest_route=%2Fwp%2Fv2%2Fcomments&post=13976"}],"version-history":[{"count":12,"href":"http:\/\/karin.stampis.com\/blog\/index.php?rest_route=\/wp\/v2\/posts\/13976\/revisions"}],"predecessor-version":[{"id":14761,"href":"http:\/\/karin.stampis.com\/blog\/index.php?rest_route=\/wp\/v2\/posts\/13976\/revisions\/14761"}],"wp:attachment":[{"href":"http:\/\/karin.stampis.com\/blog\/index.php?rest_route=%2Fwp%2Fv2%2Fmedia&parent=13976"}],"wp:term":[{"taxonomy":"category","embeddable":true,"href":"http:\/\/karin.stampis.com\/blog\/index.php?rest_route=%2Fwp%2Fv2%2Fcategories&post=13976"},{"taxonomy":"post_tag","embeddable":true,"href":"http:\/\/karin.stampis.com\/blog\/index.php?rest_route=%2Fwp%2Fv2%2Ftags&post=13976"}],"curies":[{"name":"wp","href":"https:\/\/api.w.org\/{rel}","templated":true}]}}