{"id":14020,"date":"2012-12-26T13:07:54","date_gmt":"2012-12-26T11:07:54","guid":{"rendered":"http:\/\/karin.stampis.com\/blog\/?p=14020"},"modified":"2013-02-09T14:20:42","modified_gmt":"2013-02-09T12:20:42","slug":"dagarna-runt-jul","status":"publish","type":"post","link":"http:\/\/karin.stampis.com\/blog\/?p=14020","title":{"rendered":"Dagarna runt jul"},"content":{"rendered":"<p>Tiden har g\u00e5tt s\u00e5 ruskigt fort p\u00e5 sistone att jag knappt har hunnit reflektera \u00f6ver att julen n\u00e4rmat sig eller f\u00e5tt upp julst\u00e4mningen &#8211; trots att jag har varit ledig och g\u00e5tt runt i den julskyltade stan n\u00e4stan varje dag. Och nu \u00e4r julhelgen allts\u00e5 n\u00e4stan slut.<\/p>\n<p>P\u00e5 juldagen s\u00e5 var vi tillbaka p\u00e5 g\u00e5rden f\u00f6r en jullunch d\u00e4r resterna fr\u00e5n julmiddagen \u00e5ts upp. R\u00e4tt g\u00f6tt att f\u00f6r en g\u00e5ngs skull inte vara tr\u00f6tt p\u00e5 julmat d\u00e5 det \u00e4r jul &#8211; detta beror dels p\u00e5 att jag inte varit p\u00e5 n\u00e5got julbord i \u00e5r och dels p\u00e5 att matlagningen varit starkt nedprioriterad p\u00e5 sistone. Jag var iofs medbjuden p\u00e5 jobbets julbord men d\u00e5 hade jag mj\u00f6lkstockning. Men det var p\u00e5 Patienthotellet s\u00e5 det var ju ingen st\u00f6rre f\u00f6rlust. Har aldrig gillat Patienthotellet (d\u00e4r majoriteten av allt \u00e4tande relaterat till jobbet sker) &#8211; trodde ju att jag skulle f\u00e5 en annan relation till detta st\u00e4llet efter f\u00f6rlossningen, men vi hamnade ju p\u00e5 en v\u00e5rdavdelning p\u00e5 KK ist\u00e4llet s\u00e5 det blev inget Patienthotell d\u00e4r inte.<\/p>\n<p>Annars har vi mest chillat h\u00e4r p\u00e5 landet. N\u00e5gon promenix och lite allm\u00e4nt sm\u00e5pysslande. B\u00f6rjat kolla p\u00e5 den danska deckarserien F\u00f6rbrydelsen, den \u00e4r bra. Alltid kul att vara lite hooked p\u00e5 en serie runt julledigheten. I \u00f6vrigt har jag haft l\u00e5ten &#8220;Gott nytt jul&#8221; p\u00e5 huvudet hela julhelgen och kan inte banka bort den, j\u00e4kla Sean Banan.<\/p>\n<p>Alfred har haft det bra i jul &#8211; det finns mycket nytt och kul att titta p\u00e5. \u00c4ven om hans st\u00f6rsta hobbies fortfarande \u00e4r att &#8220;luftcykla&#8221; och f\u00f6rs\u00f6ka stoppa in s\u00e5 m\u00e5nga fingrar som m\u00f6jligt i mun och n\u00e4sa.<\/p>\n<p><a href=\"http:\/\/karin.stampis.com\/blog\/?attachment_id=14022\" rel=\"attachment wp-att-14022\"><img loading=\"lazy\" decoding=\"async\" class=\"aligncenter size-full wp-image-14022\" title=\"IMG_7387-2\" src=\"http:\/\/karin.stampis.com\/blog\/wp-content\/uploads\/2012\/12\/IMG_7387-2.jpg\" alt=\"\" width=\"600\" height=\"427\" srcset=\"http:\/\/karin.stampis.com\/blog\/wp-content\/uploads\/2012\/12\/IMG_7387-2.jpg 600w, http:\/\/karin.stampis.com\/blog\/wp-content\/uploads\/2012\/12\/IMG_7387-2-360x256.jpg 360w, http:\/\/karin.stampis.com\/blog\/wp-content\/uploads\/2012\/12\/IMG_7387-2-421x300.jpg 421w\" sizes=\"auto, (max-width: 600px) 100vw, 600px\" \/><\/a><a href=\"http:\/\/karin.stampis.com\/blog\/?attachment_id=14021\" rel=\"attachment wp-att-14021\"><img loading=\"lazy\" decoding=\"async\" class=\"aligncenter size-full wp-image-14021\" title=\"IMG_7384\" src=\"http:\/\/karin.stampis.com\/blog\/wp-content\/uploads\/2012\/12\/IMG_7384.jpg\" alt=\"\" width=\"600\" height=\"468\" srcset=\"http:\/\/karin.stampis.com\/blog\/wp-content\/uploads\/2012\/12\/IMG_7384.jpg 600w, http:\/\/karin.stampis.com\/blog\/wp-content\/uploads\/2012\/12\/IMG_7384-360x280.jpg 360w, http:\/\/karin.stampis.com\/blog\/wp-content\/uploads\/2012\/12\/IMG_7384-384x300.jpg 384w\" sizes=\"auto, (max-width: 600px) 100vw, 600px\" \/><\/a><\/p>\n","protected":false},"excerpt":{"rendered":"<p>Tiden har g\u00e5tt s\u00e5 ruskigt fort p\u00e5 sistone att jag knappt har hunnit reflektera \u00f6ver att julen n\u00e4rmat sig eller f\u00e5tt upp julst\u00e4mningen &#8211; trots att jag har varit ledig och g\u00e5tt runt i den julskyltade stan n\u00e4stan varje dag. &hellip; <a href=\"http:\/\/karin.stampis.com\/blog\/?p=14020\">Continue reading <span class=\"meta-nav\">&rarr;<\/span><\/a><\/p>\n","protected":false},"author":1,"featured_media":0,"comment_status":"open","ping_status":"open","sticky":false,"template":"","format":"standard","meta":{"footnotes":""},"categories":[297,322,326],"tags":[99],"class_list":["post-14020","post","type-post","status-publish","format-standard","hentry","category-297","category-alfred","category-december-2012","tag-jul"],"_links":{"self":[{"href":"http:\/\/karin.stampis.com\/blog\/index.php?rest_route=\/wp\/v2\/posts\/14020","targetHints":{"allow":["GET"]}}],"collection":[{"href":"http:\/\/karin.stampis.com\/blog\/index.php?rest_route=\/wp\/v2\/posts"}],"about":[{"href":"http:\/\/karin.stampis.com\/blog\/index.php?rest_route=\/wp\/v2\/types\/post"}],"author":[{"embeddable":true,"href":"http:\/\/karin.stampis.com\/blog\/index.php?rest_route=\/wp\/v2\/users\/1"}],"replies":[{"embeddable":true,"href":"http:\/\/karin.stampis.com\/blog\/index.php?rest_route=%2Fwp%2Fv2%2Fcomments&post=14020"}],"version-history":[{"count":6,"href":"http:\/\/karin.stampis.com\/blog\/index.php?rest_route=\/wp\/v2\/posts\/14020\/revisions"}],"predecessor-version":[{"id":14028,"href":"http:\/\/karin.stampis.com\/blog\/index.php?rest_route=\/wp\/v2\/posts\/14020\/revisions\/14028"}],"wp:attachment":[{"href":"http:\/\/karin.stampis.com\/blog\/index.php?rest_route=%2Fwp%2Fv2%2Fmedia&parent=14020"}],"wp:term":[{"taxonomy":"category","embeddable":true,"href":"http:\/\/karin.stampis.com\/blog\/index.php?rest_route=%2Fwp%2Fv2%2Fcategories&post=14020"},{"taxonomy":"post_tag","embeddable":true,"href":"http:\/\/karin.stampis.com\/blog\/index.php?rest_route=%2Fwp%2Fv2%2Ftags&post=14020"}],"curies":[{"name":"wp","href":"https:\/\/api.w.org\/{rel}","templated":true}]}}