{"id":14295,"date":"2013-01-20T00:09:04","date_gmt":"2013-01-19T22:09:04","guid":{"rendered":"http:\/\/karin.stampis.com\/blog\/?p=14295"},"modified":"2013-02-09T14:27:08","modified_gmt":"2013-02-09T12:27:08","slug":"tjejtjusare","status":"publish","type":"post","link":"http:\/\/karin.stampis.com\/blog\/?p=14295","title":{"rendered":"Tjejtjusare?"},"content":{"rendered":"<p>H\u00e4romdagen s\u00e5 tr\u00e4ffade Alfred Lisa igen. F\u00f6rs\u00f6kte l\u00e4ra honom att sm\u00e5flirta lite. Det gick v\u00e4l lite s\u00e5d\u00e4r :p . Men efter m\u00e5nga foton lyckades jag f\u00e5 till ett foto d\u00e4r b\u00e5da sm\u00e5ttingarna kollade p\u00e5 varandra, och inte p\u00e5 morsorna eller dagsljuset fr\u00e5n f\u00f6nstret. N\u00e5v\u00e4l, jag f\u00e5r v\u00e4l passa p\u00e5 att njuta lite \u00f6ver denna tiden n\u00e4r mamma \u00e4r den tjejen som han helst kollar p\u00e5 \ud83d\ude09<\/p>\n<p><em>Bebisflirt<\/em> \ud83d\ude09<\/p>\n<p><a href=\"http:\/\/karin.stampis.com\/blog\/?attachment_id=14298\" rel=\"attachment wp-att-14298\"><img loading=\"lazy\" decoding=\"async\" class=\"aligncenter size-full wp-image-14298\" title=\"IMG_7768\" src=\"http:\/\/karin.stampis.com\/blog\/wp-content\/uploads\/2013\/01\/IMG_7768.jpg\" alt=\"\" width=\"600\" height=\"343\" srcset=\"http:\/\/karin.stampis.com\/blog\/wp-content\/uploads\/2013\/01\/IMG_7768.jpg 600w, http:\/\/karin.stampis.com\/blog\/wp-content\/uploads\/2013\/01\/IMG_7768-360x205.jpg 360w, http:\/\/karin.stampis.com\/blog\/wp-content\/uploads\/2013\/01\/IMG_7768-500x285.jpg 500w\" sizes=\"auto, (max-width: 600px) 100vw, 600px\" \/><\/a><em>Annars tittade han mest p\u00e5 mig.<\/em><\/p>\n<p><a href=\"http:\/\/karin.stampis.com\/blog\/?attachment_id=14296\" rel=\"attachment wp-att-14296\"><img loading=\"lazy\" decoding=\"async\" class=\"aligncenter size-full wp-image-14296\" title=\"IMG_7763\" src=\"http:\/\/karin.stampis.com\/blog\/wp-content\/uploads\/2013\/01\/IMG_7763.jpg\" alt=\"\" width=\"600\" height=\"430\" srcset=\"http:\/\/karin.stampis.com\/blog\/wp-content\/uploads\/2013\/01\/IMG_7763.jpg 600w, http:\/\/karin.stampis.com\/blog\/wp-content\/uploads\/2013\/01\/IMG_7763-360x258.jpg 360w, http:\/\/karin.stampis.com\/blog\/wp-content\/uploads\/2013\/01\/IMG_7763-418x300.jpg 418w\" sizes=\"auto, (max-width: 600px) 100vw, 600px\" \/><\/a>Han tyckte det var mycket skoj att testa Lisas babysitter, och han introducerade d\u00e5 ett nytt apliknande l\u00e4te som han k\u00f6rde i n\u00e5gra minuter i total upprymdhet :p<\/p>\n<p><a href=\"http:\/\/karin.stampis.com\/blog\/?attachment_id=14297\" rel=\"attachment wp-att-14297\"><img loading=\"lazy\" decoding=\"async\" class=\"aligncenter size-full wp-image-14297\" title=\"IMG_7748\" src=\"http:\/\/karin.stampis.com\/blog\/wp-content\/uploads\/2013\/01\/IMG_7748.jpg\" alt=\"\" width=\"450\" height=\"600\" srcset=\"http:\/\/karin.stampis.com\/blog\/wp-content\/uploads\/2013\/01\/IMG_7748.jpg 450w, http:\/\/karin.stampis.com\/blog\/wp-content\/uploads\/2013\/01\/IMG_7748-270x360.jpg 270w, http:\/\/karin.stampis.com\/blog\/wp-content\/uploads\/2013\/01\/IMG_7748-225x300.jpg 225w\" sizes=\"auto, (max-width: 450px) 100vw, 450px\" \/><\/a><\/p>\n","protected":false},"excerpt":{"rendered":"<p>H\u00e4romdagen s\u00e5 tr\u00e4ffade Alfred Lisa igen. F\u00f6rs\u00f6kte l\u00e4ra honom att sm\u00e5flirta lite. Det gick v\u00e4l lite s\u00e5d\u00e4r :p . Men efter m\u00e5nga foton lyckades jag f\u00e5 till ett foto d\u00e4r b\u00e5da sm\u00e5ttingarna kollade p\u00e5 varandra, och inte p\u00e5 morsorna eller &hellip; <a href=\"http:\/\/karin.stampis.com\/blog\/?p=14295\">Continue reading <span class=\"meta-nav\">&rarr;<\/span><\/a><\/p>\n","protected":false},"author":1,"featured_media":0,"comment_status":"open","ping_status":"open","sticky":false,"template":"","format":"standard","meta":{"footnotes":""},"categories":[328,322,334,329],"tags":[],"class_list":["post-14295","post","type-post","status-publish","format-standard","hentry","category-328","category-alfred","category-alfred-och-hans-polare","category-januari-2013"],"_links":{"self":[{"href":"http:\/\/karin.stampis.com\/blog\/index.php?rest_route=\/wp\/v2\/posts\/14295","targetHints":{"allow":["GET"]}}],"collection":[{"href":"http:\/\/karin.stampis.com\/blog\/index.php?rest_route=\/wp\/v2\/posts"}],"about":[{"href":"http:\/\/karin.stampis.com\/blog\/index.php?rest_route=\/wp\/v2\/types\/post"}],"author":[{"embeddable":true,"href":"http:\/\/karin.stampis.com\/blog\/index.php?rest_route=\/wp\/v2\/users\/1"}],"replies":[{"embeddable":true,"href":"http:\/\/karin.stampis.com\/blog\/index.php?rest_route=%2Fwp%2Fv2%2Fcomments&post=14295"}],"version-history":[{"count":10,"href":"http:\/\/karin.stampis.com\/blog\/index.php?rest_route=\/wp\/v2\/posts\/14295\/revisions"}],"predecessor-version":[{"id":14699,"href":"http:\/\/karin.stampis.com\/blog\/index.php?rest_route=\/wp\/v2\/posts\/14295\/revisions\/14699"}],"wp:attachment":[{"href":"http:\/\/karin.stampis.com\/blog\/index.php?rest_route=%2Fwp%2Fv2%2Fmedia&parent=14295"}],"wp:term":[{"taxonomy":"category","embeddable":true,"href":"http:\/\/karin.stampis.com\/blog\/index.php?rest_route=%2Fwp%2Fv2%2Fcategories&post=14295"},{"taxonomy":"post_tag","embeddable":true,"href":"http:\/\/karin.stampis.com\/blog\/index.php?rest_route=%2Fwp%2Fv2%2Ftags&post=14295"}],"curies":[{"name":"wp","href":"https:\/\/api.w.org\/{rel}","templated":true}]}}