{"id":14305,"date":"2013-01-21T00:12:47","date_gmt":"2013-01-20T22:12:47","guid":{"rendered":"http:\/\/karin.stampis.com\/blog\/?p=14305"},"modified":"2013-02-09T14:16:08","modified_gmt":"2013-02-09T13:16:08","slug":"studiedeltagande","status":"publish","type":"post","link":"http:\/\/karin.stampis.com\/blog\/?p=14305","title":{"rendered":"Studiedeltagande"},"content":{"rendered":"<p>D\u00e5 jag sj\u00e4lv jobbar med medicinsk forskning s\u00e5 vet jag hur viktigt det \u00e4r att f\u00e5 ihop tillr\u00e4ckligt med personer som deltar i studierna. Vi har i och med barnaf\u00f6dandet blivit erbjudna att vara med i tv\u00e5 studier &#8211; Alfred i en och jag i en. Alfred \u00e4r med i en vaccinationsstudie, som utv\u00e4rderar ett vaccin som \u00e4r f\u00e4rdigblandat och inneh\u00e5ller det vanliga kombinationsvaccinet samt vaccin mot hepatit B. Antikroppsniv\u00e5er m\u00e4ts och l\u00e4karunders\u00f6kningar g\u00f6rs vid varje bes\u00f6k. Han fick \u00e4ven rotavirus-vaccin som extragrej d\u00e5 han var med i studien. Vaccinationen klarade han fint, klart att han skrek men det varade bara en kort stund. Efter det m\u00e5dde han som vanligt. L\u00e4karunders\u00f6kningen visade att han inte hade n\u00e5gra problem med hals eller \u00f6ron i samband med sin f\u00f6rkylning, det var mest som han var lite sn\u00f6rvlig bara. Sk\u00f6nt det.<\/p>\n<p>Jag var med i en studie om b\u00e4ckenbottens anatomi, som syftade p\u00e5 att man i framtiden l\u00e4ttare och b\u00e4ttre ska kunna reparera f\u00f6rlossningsskador. Var v\u00e4l direktkvalificerad till den studien efter min f\u00f6rlossning :p. Dock visade det sig att jag inte hade n\u00e5gra skador alls trots p\u00e5frestningarna under f\u00f6rlossningen \ud83d\ude42 &#8211; sk\u00f6nt att ha f\u00e5tt kollat upp det.<\/p>\n<p><a href=\"http:\/\/karin.stampis.com\/blog\/?attachment_id=14306\" rel=\"attachment wp-att-14306\"><img loading=\"lazy\" decoding=\"async\" class=\"aligncenter size-full wp-image-14306\" title=\"IMG_7773\" alt=\"\" src=\"http:\/\/karin.stampis.com\/blog\/wp-content\/uploads\/2013\/01\/IMG_7773.jpg\" width=\"384\" height=\"600\" srcset=\"http:\/\/karin.stampis.com\/blog\/wp-content\/uploads\/2013\/01\/IMG_7773.jpg 384w, http:\/\/karin.stampis.com\/blog\/wp-content\/uploads\/2013\/01\/IMG_7773-230x360.jpg 230w, http:\/\/karin.stampis.com\/blog\/wp-content\/uploads\/2013\/01\/IMG_7773-192x300.jpg 192w\" sizes=\"auto, (max-width: 384px) 100vw, 384px\" \/><\/a><\/p>\n","protected":false},"excerpt":{"rendered":"<p>D\u00e5 jag sj\u00e4lv jobbar med medicinsk forskning s\u00e5 vet jag hur viktigt det \u00e4r att f\u00e5 ihop tillr\u00e4ckligt med personer som deltar i studierna. Vi har i och med barnaf\u00f6dandet blivit erbjudna att vara med i tv\u00e5 studier &#8211; Alfred &hellip; <a href=\"http:\/\/karin.stampis.com\/blog\/?p=14305\">Continue reading <span class=\"meta-nav\">&rarr;<\/span><\/a><\/p>\n","protected":false},"author":1,"featured_media":0,"comment_status":"open","ping_status":"open","sticky":false,"template":"","format":"standard","meta":{"footnotes":""},"categories":[328,322,333,329],"tags":[],"class_list":["post-14305","post","type-post","status-publish","format-standard","hentry","category-328","category-alfred","category-du-och-jag-alfred","category-januari-2013"],"_links":{"self":[{"href":"http:\/\/karin.stampis.com\/blog\/index.php?rest_route=\/wp\/v2\/posts\/14305","targetHints":{"allow":["GET"]}}],"collection":[{"href":"http:\/\/karin.stampis.com\/blog\/index.php?rest_route=\/wp\/v2\/posts"}],"about":[{"href":"http:\/\/karin.stampis.com\/blog\/index.php?rest_route=\/wp\/v2\/types\/post"}],"author":[{"embeddable":true,"href":"http:\/\/karin.stampis.com\/blog\/index.php?rest_route=\/wp\/v2\/users\/1"}],"replies":[{"embeddable":true,"href":"http:\/\/karin.stampis.com\/blog\/index.php?rest_route=%2Fwp%2Fv2%2Fcomments&post=14305"}],"version-history":[{"count":10,"href":"http:\/\/karin.stampis.com\/blog\/index.php?rest_route=\/wp\/v2\/posts\/14305\/revisions"}],"predecessor-version":[{"id":14776,"href":"http:\/\/karin.stampis.com\/blog\/index.php?rest_route=\/wp\/v2\/posts\/14305\/revisions\/14776"}],"wp:attachment":[{"href":"http:\/\/karin.stampis.com\/blog\/index.php?rest_route=%2Fwp%2Fv2%2Fmedia&parent=14305"}],"wp:term":[{"taxonomy":"category","embeddable":true,"href":"http:\/\/karin.stampis.com\/blog\/index.php?rest_route=%2Fwp%2Fv2%2Fcategories&post=14305"},{"taxonomy":"post_tag","embeddable":true,"href":"http:\/\/karin.stampis.com\/blog\/index.php?rest_route=%2Fwp%2Fv2%2Ftags&post=14305"}],"curies":[{"name":"wp","href":"https:\/\/api.w.org\/{rel}","templated":true}]}}