{"id":14315,"date":"2013-01-23T13:15:30","date_gmt":"2013-01-23T11:15:30","guid":{"rendered":"http:\/\/karin.stampis.com\/blog\/?p=14315"},"modified":"2013-02-09T14:12:04","modified_gmt":"2013-02-09T13:12:04","slug":"alfred-3-manader","status":"publish","type":"post","link":"http:\/\/karin.stampis.com\/blog\/?p=14315","title":{"rendered":"Alfred tre m\u00e5nader"},"content":{"rendered":"<p>Idag blir Alfred 3 m\u00e5nader \ud83d\ude42 ! Han k\u00e4nns inte l\u00e4ngre som en liten bebis, utan mer som en liten pojke \ud83d\ude42 . Detta kan ha att g\u00f6ra med hans storlek (7kg) och stora kalufs. Samt att han &#8220;pratar&#8221; en massa. D.v.s. utbringar l\u00e4ten som l\u00e5ter som ett djungeldjur. D\u00e5 han \u00e4r ig\u00e5ng som mest s\u00e5 \u00e4r det inte en chans att man h\u00f6r vad som s\u00e4gs p\u00e5 TV:n. Munnen anv\u00e4nds mycket, d\u00e5 den inte utbringar l\u00e4ten s\u00e5 \u00e4ter den, suger p\u00e5 napp eller &#8211; favoriten &#8211; suger p\u00e5 fingrarna.<\/p>\n<p><a href=\"http:\/\/karin.stampis.com\/blog\/?attachment_id=14322\" rel=\"attachment wp-att-14322\"><img loading=\"lazy\" decoding=\"async\" class=\"aligncenter size-full wp-image-14322\" title=\"IMG_7783-2\" alt=\"\" src=\"http:\/\/karin.stampis.com\/blog\/wp-content\/uploads\/2013\/01\/IMG_7783-2.jpg\" width=\"600\" height=\"450\" srcset=\"http:\/\/karin.stampis.com\/blog\/wp-content\/uploads\/2013\/01\/IMG_7783-2.jpg 600w, http:\/\/karin.stampis.com\/blog\/wp-content\/uploads\/2013\/01\/IMG_7783-2-360x270.jpg 360w, http:\/\/karin.stampis.com\/blog\/wp-content\/uploads\/2013\/01\/IMG_7783-2-400x300.jpg 400w\" sizes=\"auto, (max-width: 600px) 100vw, 600px\" \/><\/a><\/p>\n<p>Och s\u00e5 ler\/skrattar den en hel del<\/p>\n<p><a href=\"http:\/\/karin.stampis.com\/blog\/?attachment_id=14323\" rel=\"attachment wp-att-14323\"><img loading=\"lazy\" decoding=\"async\" class=\"aligncenter size-full wp-image-14323\" title=\"IMG_7735\" alt=\"\" src=\"http:\/\/karin.stampis.com\/blog\/wp-content\/uploads\/2013\/01\/IMG_7735.jpg\" width=\"557\" height=\"600\" srcset=\"http:\/\/karin.stampis.com\/blog\/wp-content\/uploads\/2013\/01\/IMG_7735.jpg 557w, http:\/\/karin.stampis.com\/blog\/wp-content\/uploads\/2013\/01\/IMG_7735-334x360.jpg 334w, http:\/\/karin.stampis.com\/blog\/wp-content\/uploads\/2013\/01\/IMG_7735-278x300.jpg 278w\" sizes=\"auto, (max-width: 557px) 100vw, 557px\" \/><\/a>Och f\u00f6r all del, den kan skrika ocks\u00e5, speciellt d\u00e5 han \u00e4r hungrig.<\/p>\n<p>Alfred gillar att observera sin omgivning. Han kollar runt med stora \u00f6gon. Att vara p\u00e5 nya st\u00e4llen \u00e4r kul. \u00c4ven om man r\u00e5kar f\u00e5 sprutor d\u00e4r. Att bli buren runt och kolla \u00f6ver axeln \u00e4r roligt. Vad som d\u00e4remot inte \u00e4r roligt \u00e4r att kolla rakt in i en br\u00f6stkorg (om det inte g\u00e4ller k\u00e4k, f\u00f6rst\u00e5s) &#8211; b\u00e4rsjal och b\u00e4rsele \u00e4r inte hans smak. Men barnvagnen \u00e4lskar han tack o lov.<\/p>\n<p>Han kan ligga ner lite varsomhelst, inte n\u00f6dv\u00e4ndigtvis i n\u00e5gons famn dock &#8211; ibland vill han ligga i famnen men ibland f\u00f6redrar han att str\u00e4cka ut sig p\u00e5 soffan och snurra snurra snurra cykla cykla cykla&#8230; Ett st\u00e4lle han inte \u00e4r s\u00e5 f\u00f6rtjust att ligga i \u00e4r dock sovrummet :p . Om han inte ligger i barnvagnen i sovrummet, d\u00e5 \u00e4r det ok. S\u00e5 vi har inte v\u00e4rldens renaste golv :p. Hur man \u00e4n g\u00f6r s\u00e5 l\u00e4gger han sig inte f\u00f6r natten om klockan inte har passerat midnatt. Sen brukar han nanna gott till ca kl 9 (inkl lite fikapauser d\u00e4remellan).<\/p>\n<p>Ja det var lite om hur 3-m\u00e5nadersversionen av Alfred \u00e4r. Men han \u00e4ndrar sig ju hela tiden, men vissa personlighetsdrag \u00e4r nog mer konstanta. Jag gillar hans temperament \ud83d\ude42 , han \u00e4r r\u00e4tt s\u00e5 easygoing tycker jag, oftast glad och nyfiken. Men med tanke p\u00e5 hur mycket han \u00f6var motoriken kommer man nog ha fullt upp d\u00e5 han v\u00e4l kan f\u00f6rflytta sig sj\u00e4lv!<\/p>\n","protected":false},"excerpt":{"rendered":"<p>Idag blir Alfred 3 m\u00e5nader \ud83d\ude42 ! Han k\u00e4nns inte l\u00e4ngre som en liten bebis, utan mer som en liten pojke \ud83d\ude42 . Detta kan ha att g\u00f6ra med hans storlek (7kg) och stora kalufs. Samt att han &#8220;pratar&#8221; en &hellip; <a href=\"http:\/\/karin.stampis.com\/blog\/?p=14315\">Continue reading <span class=\"meta-nav\">&rarr;<\/span><\/a><\/p>\n","protected":false},"author":1,"featured_media":0,"comment_status":"open","ping_status":"open","sticky":false,"template":"","format":"standard","meta":{"footnotes":""},"categories":[328,322,330,339,329],"tags":[],"class_list":["post-14315","post","type-post","status-publish","format-standard","hentry","category-328","category-alfred","category-fyller-manad","category-utveckling-alfred","category-januari-2013"],"_links":{"self":[{"href":"http:\/\/karin.stampis.com\/blog\/index.php?rest_route=\/wp\/v2\/posts\/14315","targetHints":{"allow":["GET"]}}],"collection":[{"href":"http:\/\/karin.stampis.com\/blog\/index.php?rest_route=\/wp\/v2\/posts"}],"about":[{"href":"http:\/\/karin.stampis.com\/blog\/index.php?rest_route=\/wp\/v2\/types\/post"}],"author":[{"embeddable":true,"href":"http:\/\/karin.stampis.com\/blog\/index.php?rest_route=\/wp\/v2\/users\/1"}],"replies":[{"embeddable":true,"href":"http:\/\/karin.stampis.com\/blog\/index.php?rest_route=%2Fwp%2Fv2%2Fcomments&post=14315"}],"version-history":[{"count":12,"href":"http:\/\/karin.stampis.com\/blog\/index.php?rest_route=\/wp\/v2\/posts\/14315\/revisions"}],"predecessor-version":[{"id":14773,"href":"http:\/\/karin.stampis.com\/blog\/index.php?rest_route=\/wp\/v2\/posts\/14315\/revisions\/14773"}],"wp:attachment":[{"href":"http:\/\/karin.stampis.com\/blog\/index.php?rest_route=%2Fwp%2Fv2%2Fmedia&parent=14315"}],"wp:term":[{"taxonomy":"category","embeddable":true,"href":"http:\/\/karin.stampis.com\/blog\/index.php?rest_route=%2Fwp%2Fv2%2Fcategories&post=14315"},{"taxonomy":"post_tag","embeddable":true,"href":"http:\/\/karin.stampis.com\/blog\/index.php?rest_route=%2Fwp%2Fv2%2Ftags&post=14315"}],"curies":[{"name":"wp","href":"https:\/\/api.w.org\/{rel}","templated":true}]}}