{"id":14333,"date":"2013-01-26T00:23:22","date_gmt":"2013-01-25T22:23:22","guid":{"rendered":"http:\/\/karin.stampis.com\/blog\/?p=14333"},"modified":"2013-02-09T14:20:41","modified_gmt":"2013-02-09T12:20:41","slug":"alfred-1-ar","status":"publish","type":"post","link":"http:\/\/karin.stampis.com\/blog\/?p=14333","title":{"rendered":"Alfred 1 \u00e5r"},"content":{"rendered":"<p>Enligt ultraljuden s\u00e5 skulle Alfred ha p\u00e5b\u00f6rjat att existera som livsform f\u00f6r ungef\u00e4r ett \u00e5r sedan, s\u00e5 enligt tider\u00e4kningen i vissa delar av Tibet och Kina s\u00e5 fyller han ett \u00e5r idag \ud83d\ude09 .<\/p>\n<p>Men jag k\u00f6r nog med den vanliga tider\u00e4kningen, s\u00e5 tre m\u00e5nader f\u00e5r det vara ;).<\/p>\n<p>P\u00e5 tal om f\u00f6delsetid och Kina s\u00e5 finns det ju en kinesisk f\u00f6delsekalender som anger om det \u00e4r en pojke eller flicka som g\u00f6mmer sig i magen (<a href=\"http:\/\/www.familjeliv.se\/Vantar_barn\/Kalender\/flicka-eller-pojke.php\">L\u00e4nk<\/a>) . Det st\u00e4mde med Alfred! Vilket \u00e4ven en klar majoritet av \u00f6vriga &#8220;k\u00f6nsbest\u00e4mningsmyter&#8221; , inkl min &#8220;intuition&#8221; gjorde, vilket \u00e4r lite roligt \u00e4ven om jag inte tror p\u00e5 s\u00e5nt.<\/p>\n<p><a href=\"http:\/\/karin.stampis.com\/blog\/?attachment_id=14348\" rel=\"attachment wp-att-14348\"><img loading=\"lazy\" decoding=\"async\" class=\"aligncenter size-large wp-image-14348\" title=\"IMG_7826\" src=\"http:\/\/karin.stampis.com\/blog\/wp-content\/uploads\/2013\/01\/IMG_7826-1024x514.jpg\" alt=\"\" width=\"584\" height=\"293\" srcset=\"http:\/\/karin.stampis.com\/blog\/wp-content\/uploads\/2013\/01\/IMG_7826-1024x514.jpg 1024w, http:\/\/karin.stampis.com\/blog\/wp-content\/uploads\/2013\/01\/IMG_7826-360x180.jpg 360w, http:\/\/karin.stampis.com\/blog\/wp-content\/uploads\/2013\/01\/IMG_7826-500x251.jpg 500w\" sizes=\"auto, (max-width: 584px) 100vw, 584px\" \/><\/a><\/p>\n<p>&nbsp;<\/p>\n<p>&nbsp;<\/p>\n","protected":false},"excerpt":{"rendered":"<p>Enligt ultraljuden s\u00e5 skulle Alfred ha p\u00e5b\u00f6rjat att existera som livsform f\u00f6r ungef\u00e4r ett \u00e5r sedan, s\u00e5 enligt tider\u00e4kningen i vissa delar av Tibet och Kina s\u00e5 fyller han ett \u00e5r idag \ud83d\ude09 . Men jag k\u00f6r nog med den &hellip; <a href=\"http:\/\/karin.stampis.com\/blog\/?p=14333\">Continue reading <span class=\"meta-nav\">&rarr;<\/span><\/a><\/p>\n","protected":false},"author":1,"featured_media":0,"comment_status":"open","ping_status":"open","sticky":false,"template":"","format":"standard","meta":{"footnotes":""},"categories":[328,322,329],"tags":[],"class_list":["post-14333","post","type-post","status-publish","format-standard","hentry","category-328","category-alfred","category-januari-2013"],"_links":{"self":[{"href":"http:\/\/karin.stampis.com\/blog\/index.php?rest_route=\/wp\/v2\/posts\/14333","targetHints":{"allow":["GET"]}}],"collection":[{"href":"http:\/\/karin.stampis.com\/blog\/index.php?rest_route=\/wp\/v2\/posts"}],"about":[{"href":"http:\/\/karin.stampis.com\/blog\/index.php?rest_route=\/wp\/v2\/types\/post"}],"author":[{"embeddable":true,"href":"http:\/\/karin.stampis.com\/blog\/index.php?rest_route=\/wp\/v2\/users\/1"}],"replies":[{"embeddable":true,"href":"http:\/\/karin.stampis.com\/blog\/index.php?rest_route=%2Fwp%2Fv2%2Fcomments&post=14333"}],"version-history":[{"count":14,"href":"http:\/\/karin.stampis.com\/blog\/index.php?rest_route=\/wp\/v2\/posts\/14333\/revisions"}],"predecessor-version":[{"id":14627,"href":"http:\/\/karin.stampis.com\/blog\/index.php?rest_route=\/wp\/v2\/posts\/14333\/revisions\/14627"}],"wp:attachment":[{"href":"http:\/\/karin.stampis.com\/blog\/index.php?rest_route=%2Fwp%2Fv2%2Fmedia&parent=14333"}],"wp:term":[{"taxonomy":"category","embeddable":true,"href":"http:\/\/karin.stampis.com\/blog\/index.php?rest_route=%2Fwp%2Fv2%2Fcategories&post=14333"},{"taxonomy":"post_tag","embeddable":true,"href":"http:\/\/karin.stampis.com\/blog\/index.php?rest_route=%2Fwp%2Fv2%2Ftags&post=14333"}],"curies":[{"name":"wp","href":"https:\/\/api.w.org\/{rel}","templated":true}]}}