{"id":14372,"date":"2013-01-27T09:44:51","date_gmt":"2013-01-27T07:44:51","guid":{"rendered":"http:\/\/karin.stampis.com\/blog\/?p=14372"},"modified":"2013-01-27T09:44:51","modified_gmt":"2013-01-27T07:44:51","slug":"vinterpromenader","status":"publish","type":"post","link":"http:\/\/karin.stampis.com\/blog\/?p=14372","title":{"rendered":"Vinterpromenader"},"content":{"rendered":"<p>De senaste dagarna har vinterpromenaderna g\u00e5tt i gnistrande vitt. Sk\u00f6nt med ljusterapi, har inte alls blivit lika tr\u00f6tt p\u00e5 m\u00f6rkret som f\u00f6reg\u00e5ende \u00e5r.<\/p>\n<p><a href=\"http:\/\/karin.stampis.com\/blog\/?attachment_id=14373\" rel=\"attachment wp-att-14373\"><img loading=\"lazy\" decoding=\"async\" class=\"aligncenter size-full wp-image-14373\" title=\"IMG_7854\" src=\"http:\/\/karin.stampis.com\/blog\/wp-content\/uploads\/2013\/01\/IMG_7854.jpg\" alt=\"\" width=\"600\" height=\"450\" srcset=\"http:\/\/karin.stampis.com\/blog\/wp-content\/uploads\/2013\/01\/IMG_7854.jpg 600w, http:\/\/karin.stampis.com\/blog\/wp-content\/uploads\/2013\/01\/IMG_7854-360x270.jpg 360w, http:\/\/karin.stampis.com\/blog\/wp-content\/uploads\/2013\/01\/IMG_7854-400x300.jpg 400w\" sizes=\"auto, (max-width: 600px) 100vw, 600px\" \/><\/a><a href=\"http:\/\/karin.stampis.com\/blog\/?attachment_id=14375\" rel=\"attachment wp-att-14375\"><img loading=\"lazy\" decoding=\"async\" class=\"aligncenter size-full wp-image-14375\" title=\"IMG_7864\" src=\"http:\/\/karin.stampis.com\/blog\/wp-content\/uploads\/2013\/01\/IMG_7864.jpg\" alt=\"\" width=\"600\" height=\"450\" srcset=\"http:\/\/karin.stampis.com\/blog\/wp-content\/uploads\/2013\/01\/IMG_7864.jpg 600w, http:\/\/karin.stampis.com\/blog\/wp-content\/uploads\/2013\/01\/IMG_7864-360x270.jpg 360w, http:\/\/karin.stampis.com\/blog\/wp-content\/uploads\/2013\/01\/IMG_7864-400x300.jpg 400w\" sizes=\"auto, (max-width: 600px) 100vw, 600px\" \/><\/a><a href=\"http:\/\/karin.stampis.com\/blog\/?attachment_id=14374\" rel=\"attachment wp-att-14374\"><img loading=\"lazy\" decoding=\"async\" class=\"aligncenter size-full wp-image-14374\" title=\"IMG_7859\" src=\"http:\/\/karin.stampis.com\/blog\/wp-content\/uploads\/2013\/01\/IMG_7859.jpg\" alt=\"\" width=\"600\" height=\"450\" srcset=\"http:\/\/karin.stampis.com\/blog\/wp-content\/uploads\/2013\/01\/IMG_7859.jpg 600w, http:\/\/karin.stampis.com\/blog\/wp-content\/uploads\/2013\/01\/IMG_7859-360x270.jpg 360w, http:\/\/karin.stampis.com\/blog\/wp-content\/uploads\/2013\/01\/IMG_7859-400x300.jpg 400w\" sizes=\"auto, (max-width: 600px) 100vw, 600px\" \/><\/a><\/p>\n","protected":false},"excerpt":{"rendered":"<p>De senaste dagarna har vinterpromenaderna g\u00e5tt i gnistrande vitt. Sk\u00f6nt med ljusterapi, har inte alls blivit lika tr\u00f6tt p\u00e5 m\u00f6rkret som f\u00f6reg\u00e5ende \u00e5r.<\/p>\n","protected":false},"author":1,"featured_media":0,"comment_status":"open","ping_status":"open","sticky":false,"template":"","format":"standard","meta":{"footnotes":""},"categories":[328,329],"tags":[],"class_list":["post-14372","post","type-post","status-publish","format-standard","hentry","category-328","category-januari-2013"],"_links":{"self":[{"href":"http:\/\/karin.stampis.com\/blog\/index.php?rest_route=\/wp\/v2\/posts\/14372","targetHints":{"allow":["GET"]}}],"collection":[{"href":"http:\/\/karin.stampis.com\/blog\/index.php?rest_route=\/wp\/v2\/posts"}],"about":[{"href":"http:\/\/karin.stampis.com\/blog\/index.php?rest_route=\/wp\/v2\/types\/post"}],"author":[{"embeddable":true,"href":"http:\/\/karin.stampis.com\/blog\/index.php?rest_route=\/wp\/v2\/users\/1"}],"replies":[{"embeddable":true,"href":"http:\/\/karin.stampis.com\/blog\/index.php?rest_route=%2Fwp%2Fv2%2Fcomments&post=14372"}],"version-history":[{"count":3,"href":"http:\/\/karin.stampis.com\/blog\/index.php?rest_route=\/wp\/v2\/posts\/14372\/revisions"}],"predecessor-version":[{"id":14378,"href":"http:\/\/karin.stampis.com\/blog\/index.php?rest_route=\/wp\/v2\/posts\/14372\/revisions\/14378"}],"wp:attachment":[{"href":"http:\/\/karin.stampis.com\/blog\/index.php?rest_route=%2Fwp%2Fv2%2Fmedia&parent=14372"}],"wp:term":[{"taxonomy":"category","embeddable":true,"href":"http:\/\/karin.stampis.com\/blog\/index.php?rest_route=%2Fwp%2Fv2%2Fcategories&post=14372"},{"taxonomy":"post_tag","embeddable":true,"href":"http:\/\/karin.stampis.com\/blog\/index.php?rest_route=%2Fwp%2Fv2%2Ftags&post=14372"}],"curies":[{"name":"wp","href":"https:\/\/api.w.org\/{rel}","templated":true}]}}