{"id":14474,"date":"2013-02-19T10:13:31","date_gmt":"2013-02-19T09:13:31","guid":{"rendered":"http:\/\/karin.stampis.com\/blog\/?p=14474"},"modified":"2013-02-19T10:13:31","modified_gmt":"2013-02-19T09:13:31","slug":"tv","status":"publish","type":"post","link":"http:\/\/karin.stampis.com\/blog\/?p=14474","title":{"rendered":"TV"},"content":{"rendered":"<p>Alfred \u00e4lskar att glo p\u00e5 TV. Det var inte riktigt min ambition att han skulle bli en TV-junkie, men men&#8230;<\/p>\n<p>N\u00e4r han \u00e4r p\u00e5 surt hum\u00f6r f\u00f6r han inte vill sova fast\u00e4n han \u00e4r tr\u00f6tt s\u00e5 s\u00e4tter vi honom vid TVn\/ligger p\u00e5 s\u00e4ngen med plattan (100 minuspo\u00e4ng i f\u00f6r\u00e4ldraskap, men \u00e4ndam\u00e5let helgar medlen&#8230;) och ser p\u00e5 Bamse. D\u00e5 blir han fokuserad och lugn (\u00e4ven om han ibland blir uppr\u00f6rd \u00f6ver vissa sekvenser, gud vet varf\u00f6r). Jag sj\u00e4lv kommer ih\u00e5g vad som kommer att h\u00e4nda i vissa delar av programmet, trots att det var m\u00e5\u00e5\u00e5nga \u00e5r sedan jag s\u00e5g Bamse &#8211; snacka om meningsfulla saker att l\u00e4gga i minnesbanken :p . Jag b\u00f6rjar kunna Bamsevisan nu, men jag f\u00f6rknippar den inte fr\u00e4mst med Bamse, utan med min studenttid. Detta p.g.a. snapsvisan &#8220;Jag ska festa&#8221;, s\u00e5 h\u00e4r g\u00e5r jag omkring och nynnar p\u00e5 snapsvisor under min mammaledighet (samma sak h\u00e4nde d\u00e5 jag spelade &#8220;K\u00e4re lille snickerbo&#8221; f\u00f6r Alfred).<\/p>\n<p><a href=\"http:\/\/karin.stampis.com\/blog\/wp-content\/uploads\/2013\/02\/IMG_8082.jpg\"><img loading=\"lazy\" decoding=\"async\" class=\"aligncenter size-full wp-image-14859\" alt=\"IMG_8082\" src=\"http:\/\/karin.stampis.com\/blog\/wp-content\/uploads\/2013\/02\/IMG_8082.jpg\" width=\"450\" height=\"600\" srcset=\"http:\/\/karin.stampis.com\/blog\/wp-content\/uploads\/2013\/02\/IMG_8082.jpg 450w, http:\/\/karin.stampis.com\/blog\/wp-content\/uploads\/2013\/02\/IMG_8082-270x360.jpg 270w\" sizes=\"auto, (max-width: 450px) 100vw, 450px\" \/><\/a><\/p>\n","protected":false},"excerpt":{"rendered":"<p>Alfred \u00e4lskar att glo p\u00e5 TV. Det var inte riktigt min ambition att han skulle bli en TV-junkie, men men&#8230; N\u00e4r han \u00e4r p\u00e5 surt hum\u00f6r f\u00f6r han inte vill sova fast\u00e4n han \u00e4r tr\u00f6tt s\u00e5 s\u00e4tter vi honom vid &hellip; <a href=\"http:\/\/karin.stampis.com\/blog\/?p=14474\">Continue reading <span class=\"meta-nav\">&rarr;<\/span><\/a><\/p>\n","protected":false},"author":1,"featured_media":0,"comment_status":"open","ping_status":"open","sticky":false,"template":"","format":"standard","meta":{"footnotes":""},"categories":[328,322,331],"tags":[],"class_list":["post-14474","post","type-post","status-publish","format-standard","hentry","category-328","category-alfred","category-februari-2013"],"_links":{"self":[{"href":"http:\/\/karin.stampis.com\/blog\/index.php?rest_route=\/wp\/v2\/posts\/14474","targetHints":{"allow":["GET"]}}],"collection":[{"href":"http:\/\/karin.stampis.com\/blog\/index.php?rest_route=\/wp\/v2\/posts"}],"about":[{"href":"http:\/\/karin.stampis.com\/blog\/index.php?rest_route=\/wp\/v2\/types\/post"}],"author":[{"embeddable":true,"href":"http:\/\/karin.stampis.com\/blog\/index.php?rest_route=\/wp\/v2\/users\/1"}],"replies":[{"embeddable":true,"href":"http:\/\/karin.stampis.com\/blog\/index.php?rest_route=%2Fwp%2Fv2%2Fcomments&post=14474"}],"version-history":[{"count":5,"href":"http:\/\/karin.stampis.com\/blog\/index.php?rest_route=\/wp\/v2\/posts\/14474\/revisions"}],"predecessor-version":[{"id":14863,"href":"http:\/\/karin.stampis.com\/blog\/index.php?rest_route=\/wp\/v2\/posts\/14474\/revisions\/14863"}],"wp:attachment":[{"href":"http:\/\/karin.stampis.com\/blog\/index.php?rest_route=%2Fwp%2Fv2%2Fmedia&parent=14474"}],"wp:term":[{"taxonomy":"category","embeddable":true,"href":"http:\/\/karin.stampis.com\/blog\/index.php?rest_route=%2Fwp%2Fv2%2Fcategories&post=14474"},{"taxonomy":"post_tag","embeddable":true,"href":"http:\/\/karin.stampis.com\/blog\/index.php?rest_route=%2Fwp%2Fv2%2Ftags&post=14474"}],"curies":[{"name":"wp","href":"https:\/\/api.w.org\/{rel}","templated":true}]}}