{"id":14876,"date":"2013-02-21T12:46:01","date_gmt":"2013-02-21T11:46:01","guid":{"rendered":"http:\/\/karin.stampis.com\/blog\/?p=14876"},"modified":"2013-02-21T12:56:03","modified_gmt":"2013-02-21T11:56:03","slug":"en-dag","status":"publish","type":"post","link":"http:\/\/karin.stampis.com\/blog\/?p=14876","title":{"rendered":"En dag"},"content":{"rendered":"<p>En beskrivning av en vanlig hemmadag med Alfred &#8211;\u00a0 en dag d\u00e5 vi inte har n\u00e5got s\u00e4rskilt planerat. D\u00e5 och d\u00e5, s\u00e5d\u00e4r lite lagom ofta, g\u00f6r vi lite utflykter och bes\u00f6k. Men jag tycker det \u00e4r sk\u00f6nt med v\u00e5ra hemmadagar, jag trodde att jag skulle bli rastl\u00f6s men det \u00e4r jag inte alls.\u00a0 Tycker att jag f\u00e5tt struktur och rutin p\u00e5 dagarna nu, och det \u00e4r sk\u00f6nt \ud83d\ude42 . I b\u00f6rjan var det ju s\u00e5klart lite vimsigare (men \u00e4nd\u00e5 inte alls s\u00e5 vimsigt som jag hade trott att det skulle bli) men d\u00e5 han var runt 2 m\u00e5nader k\u00e4ndes det som att vi hade landat och \u00e4r vana vid att ha en bebis \ud83d\ude42 . \u00c4ven om jag ibland d\u00e5 jag \u00e4r sj\u00e4lv och handlar t\u00e4nker &#8220;Shit, t\u00e4nk om jag gl\u00f6mmer bort att jag har en barnvagn och g\u00e5r hem sj\u00e4lv&#8221; \ud83d\ude09<\/p>\n<p>EN DAG<\/p>\n<p>Jag g\u00e5r upp ungef\u00e4r d\u00e5 Jimmy g\u00e5r upp (halv 8 ca), frukostdax. V\u00e4cker Alfred strax innan Jimmy g\u00e5r n\u00e5n timme senare s\u00e5 han f\u00e5r s\u00e4ga godmorgon och goodbye. Bl\u00f6jbyte, sm\u00f6rj med miniderm, kl\u00e4dbyte, k\u00e4k etc. S\u00e4tter mig i sch\u00e4slongen med kaffe och dator och Alfred rullande runt vid mina ben p\u00e5 sch\u00e4slongen (v\u00e4l skyddat med kuddar runt kanterna). Alfred syssels\u00e4tter sig sj\u00e4lv med kryp\u00f6vningar, \u00e4tande p\u00e5 Sophie\/h\u00e4nder eller andra aktiviteter. Skulle han vara lugn s\u00e5 sitter han i mitt kn\u00e4 och filosoferar. Jag skriver ett blogginl\u00e4gg, kollar mail (inte helt osannolikt att det blir en stunds jobbande i samband med detta&#8230;), nyheter, webbisar (det sistn\u00e4mnda \u00e4r en vana jag f\u00e5tt efter jag fick barn sj\u00e4lv, jag var aldrig intresserad av bebisar innan dess men man kan s\u00e4ga att jag blev bebisfierad lite i efterskott :p ) och andra sidor av intresse. Sen lite lek med Alfred, och efter detta brukar Alfred bli s\u00f6mngrinig, s\u00e5 d\u00e5 \u00e4r det dags f\u00f6r en tupplur. \u00c4r jag tr\u00f6tt h\u00e4nger jag p\u00e5, men oftast beh\u00f6vs det inte. S\u00e5 d\u00e5 han nannar f\u00f6rs\u00f6ker jag vara flitig och st\u00e4da, t\u00f6mma disken etc. Ofta nannar han \u00f6ver lunchen s\u00e5 d\u00e5 hinner man sv\u00e4nga ihop en lunch och k\u00e4ka upp den. D\u00e5 han nannat klart \u00e4r det dags f\u00f6r k\u00e4k. Han \u00e4r s\u00e5 uppe i varv annars s\u00e5 det \u00e4r bara efter det att han har sovit som han \u00e4r lugn nog att \u00e4ta. Men han \u00e4ter snabbt, jag tror att jag spenderar max 30 min per dag p\u00e5 amning (lite mer p\u00e5 natten, d\u00e5 han k\u00e4kar som mest). Sen ligger han p\u00e5 sin filt och g\u00f6r lite kryp\u00f6vningar. Han blir dock r\u00e4tt frustrerad efter ett tag d\u00e5 han inte tar sig fram s\u00e5 mycket som han vill, s\u00e5 d\u00e5 g\u00e5r jag runt lite med honom i l\u00e4genheten och l\u00e4gger sen ner\u00a0 honom i barnvagnen. Sen blir det barnvagnspromenad i parken, till Ribban och V\u00e4stra hamnen. Oftast passar jag p\u00e5 att handla lite p\u00e5 Green (min favorit-mataff\u00e4r, som tyv\u00e4rr ska st\u00e4nga) och ev g\u00f6ra lite \u00e4renden p\u00e5 stan. Alfred kollar ut i b\u00f6rjan, men snart \u00e4r han totalt klubbad. Turen brukar ta runt 2 timmar. Efter detta \u00e4r det fikadags f\u00f6r oss b\u00e5da och sen lite h\u00e4ng p\u00e5 sch\u00e4slongen igen, l\u00e4ser lite, leker lite etc. Sen p\u00e5minner jag min k\u00e4re make lite lagom diskret att hans jobbdag borde vara slut snart :p . Slutar han i OK tid s\u00e5 lagar jag middag medan Alfred sitter i babysittern och kollar p\u00e5. Jag hoppas att han l\u00e4r sig laga mat i ung \u00e5lder \ud83d\ude09 . Oftast tycker han att det \u00e4r kul att kolla p\u00e5, men om han b\u00f6rjar bli uttr\u00e5kad sjunger jag lite f\u00f6r honom medan jag lagar mat samtidigt som jag hoppas att han inte f\u00e5r men f\u00f6r livet av min s\u00e5ngr\u00f6st. Men han verkar tycka att det \u00e4r roligt. Sj\u00e4lv t\u00e4nker jag att ingen annan m\u00e4nniska n\u00e5nsin f\u00e5r se spektaklet med en sjungande Karin, d\u00e5 hade jag sk\u00e4mts, men vad g\u00f6r man inte f\u00f6r att underh\u00e5lla sina kids? N\u00e5v\u00e4l, sen kommer Jimmy hem och Alfred blir glad \u00f6ver detta. Oftast \u00e4r Alfred s\u00e5 sn\u00e4ll s\u00e5 att han sparar dagens bl\u00f6jbyte med stort B tills pappa kommit hem, hehe \ud83d\ude09 . Sen k\u00e4kar vi framf\u00f6r TVn (WT-varning, jag vet!). Alfred \u00e4r i sin babysitter och kollar ivrigt p\u00e5 TVn, oftast kommenterar han s\u00e5 mycket att vi inte h\u00f6r ett skvatt av vad som s\u00e4gs p\u00e5 TVn, men men. Sen \u00e4r det blandade aktiviteter fram tills l\u00e4ggdags. En bra dag somnar Alfred p\u00e5 n\u00e5n minut, medan en d\u00e5lig dag s\u00e5 tar det n\u00e5gra timmar innan han somnar. H\u00f6gst varierande. Men innan kl 9 brukar han inte vilja l\u00e4gga sig. Men d\u00e5 han v\u00e4l somnat s\u00e5 brukar han (peppar peppar) nanna gott\u00a0(med n\u00e5gra fikapauser) \u00e4nda tills han &#8220;g\u00e5r upp&#8221; p\u00e5 morgonen.<\/p>\n<p>&nbsp;<\/p>\n<p><a href=\"http:\/\/karin.stampis.com\/blog\/wp-content\/uploads\/2013\/02\/IMG_8143.jpg\"><img loading=\"lazy\" decoding=\"async\" class=\"aligncenter size-full wp-image-14879\" alt=\"IMG_8143\" src=\"http:\/\/karin.stampis.com\/blog\/wp-content\/uploads\/2013\/02\/IMG_8143.jpg\" width=\"600\" height=\"491\" srcset=\"http:\/\/karin.stampis.com\/blog\/wp-content\/uploads\/2013\/02\/IMG_8143.jpg 600w, http:\/\/karin.stampis.com\/blog\/wp-content\/uploads\/2013\/02\/IMG_8143-360x294.jpg 360w\" sizes=\"auto, (max-width: 600px) 100vw, 600px\" \/><\/a><\/p>\n","protected":false},"excerpt":{"rendered":"<p>En beskrivning av en vanlig hemmadag med Alfred &#8211;\u00a0 en dag d\u00e5 vi inte har n\u00e5got s\u00e4rskilt planerat. D\u00e5 och d\u00e5, s\u00e5d\u00e4r lite lagom ofta, g\u00f6r vi lite utflykter och bes\u00f6k. Men jag tycker det \u00e4r sk\u00f6nt med v\u00e5ra hemmadagar, &hellip; <a href=\"http:\/\/karin.stampis.com\/blog\/?p=14876\">Continue reading <span class=\"meta-nav\">&rarr;<\/span><\/a><\/p>\n","protected":false},"author":1,"featured_media":0,"comment_status":"open","ping_status":"open","sticky":false,"template":"","format":"standard","meta":{"footnotes":""},"categories":[328,322,333,331],"tags":[],"class_list":["post-14876","post","type-post","status-publish","format-standard","hentry","category-328","category-alfred","category-du-och-jag-alfred","category-februari-2013"],"_links":{"self":[{"href":"http:\/\/karin.stampis.com\/blog\/index.php?rest_route=\/wp\/v2\/posts\/14876","targetHints":{"allow":["GET"]}}],"collection":[{"href":"http:\/\/karin.stampis.com\/blog\/index.php?rest_route=\/wp\/v2\/posts"}],"about":[{"href":"http:\/\/karin.stampis.com\/blog\/index.php?rest_route=\/wp\/v2\/types\/post"}],"author":[{"embeddable":true,"href":"http:\/\/karin.stampis.com\/blog\/index.php?rest_route=\/wp\/v2\/users\/1"}],"replies":[{"embeddable":true,"href":"http:\/\/karin.stampis.com\/blog\/index.php?rest_route=%2Fwp%2Fv2%2Fcomments&post=14876"}],"version-history":[{"count":11,"href":"http:\/\/karin.stampis.com\/blog\/index.php?rest_route=\/wp\/v2\/posts\/14876\/revisions"}],"predecessor-version":[{"id":14890,"href":"http:\/\/karin.stampis.com\/blog\/index.php?rest_route=\/wp\/v2\/posts\/14876\/revisions\/14890"}],"wp:attachment":[{"href":"http:\/\/karin.stampis.com\/blog\/index.php?rest_route=%2Fwp%2Fv2%2Fmedia&parent=14876"}],"wp:term":[{"taxonomy":"category","embeddable":true,"href":"http:\/\/karin.stampis.com\/blog\/index.php?rest_route=%2Fwp%2Fv2%2Fcategories&post=14876"},{"taxonomy":"post_tag","embeddable":true,"href":"http:\/\/karin.stampis.com\/blog\/index.php?rest_route=%2Fwp%2Fv2%2Ftags&post=14876"}],"curies":[{"name":"wp","href":"https:\/\/api.w.org\/{rel}","templated":true}]}}