{"id":14877,"date":"2013-02-23T01:53:12","date_gmt":"2013-02-23T00:53:12","guid":{"rendered":"http:\/\/karin.stampis.com\/blog\/?p=14877"},"modified":"2013-02-23T08:05:45","modified_gmt":"2013-02-23T07:05:45","slug":"alfred-fyra-manader","status":"publish","type":"post","link":"http:\/\/karin.stampis.com\/blog\/?p=14877","title":{"rendered":"Alfred fyra m\u00e5nader"},"content":{"rendered":"<p>Tiden tuffar p\u00e5 och nu \u00e4r Alfred fyra m\u00e5nader.<\/p>\n<p>Han v\u00e4xer p\u00e5 och \u00f6var p\u00e5 sin motorik f\u00f6r fullt. Han vill alltid rulla \u00f6ver p\u00e5 mage, och v\u00e4l p\u00e5 mage s\u00e5 k\u00e4mpar han p\u00e5 med sina kryp\u00f6vningar. Det \u00e4r antingen huvudet upp och baken ner eller huvudet ner och baken upp, s\u00e5 han beh\u00f6ver slipa stilen lite f\u00f6r att komma mer \u00e4n en dm fram\u00e5t. Han blir v\u00e4ldigt frustrerad d\u00e5 det inte g\u00e5r. Han har \u00e4ven f\u00e5tt bra kontroll \u00f6ver sina h\u00e4nder och k\u00e4nner p\u00e5 allt. Och stoppar sakerna i munnen&#8230; Han har b\u00f6rjat dregla som en Sankt Bernhardhund. Jag hoppas att det inte \u00e4r p.g.a. att t\u00e4nderna \u00e4r p\u00e5 g redan (l\u00e4ste iofs att bebisar kan b\u00f6rja dregla flera m\u00e5nader innan t\u00e4nderna kommer).<\/p>\n<p>Han har b\u00f6rjat visa lite mer temperament nu, och kan bli r\u00e4tt grinig d\u00e5 han \u00e4r tr\u00f6tt eller f\u00f6r att han inte kan krypa. Bra r\u00f6ststyrka har han! Men han kan skratta en himla massa ocks\u00e5, ibland undrar man vad det \u00e4r som \u00e4r s\u00e5 roligt :p . Och som jag har skrivit tidigare s\u00e5 gillar han att glo p\u00e5 TV. Och kommentera TV-programmet. B\u00f6cker har han d\u00e4remot inte hajjat po\u00e4ngen med \u00e4n men vi jobbar lite lagom p\u00e5 det.<\/p>\n<p>&nbsp;<\/p>\n<p style=\"text-align: center;\"><em>Alfred i hans favoritpostition, p\u00e5 mage.<\/em> <em>Det rekommenderas inte att sova p\u00e5 mage p.g.a \u00f6kad risk f\u00f6r psd, s\u00e5 jag f\u00f6rs\u00f6ker att flytta \u00f6ver honom p\u00e5 rygg d\u00e5 han rullat \u00f6ver p\u00e5 mage under p\u00e5 natten. D\u00e5 blir han ARG.<\/em><\/p>\n<p style=\"text-align: center;\"><a href=\"http:\/\/karin.stampis.com\/blog\/wp-content\/uploads\/2013\/02\/MG_5825.jpg\"><img loading=\"lazy\" decoding=\"async\" class=\"aligncenter size-full wp-image-14891\" alt=\"_MG_5825\" src=\"http:\/\/karin.stampis.com\/blog\/wp-content\/uploads\/2013\/02\/MG_5825.jpg\" width=\"600\" height=\"400\" srcset=\"http:\/\/karin.stampis.com\/blog\/wp-content\/uploads\/2013\/02\/MG_5825.jpg 600w, http:\/\/karin.stampis.com\/blog\/wp-content\/uploads\/2013\/02\/MG_5825-360x240.jpg 360w\" sizes=\"auto, (max-width: 600px) 100vw, 600px\" \/><\/a><em>Alfred str\u00e4cker p\u00e5 sig<\/em> <a href=\"http:\/\/karin.stampis.com\/blog\/wp-content\/uploads\/2013\/02\/IMG_8221.jpg\"><img loading=\"lazy\" decoding=\"async\" class=\"aligncenter size-full wp-image-14892\" alt=\"IMG_8221\" src=\"http:\/\/karin.stampis.com\/blog\/wp-content\/uploads\/2013\/02\/IMG_8221.jpg\" width=\"422\" height=\"600\" srcset=\"http:\/\/karin.stampis.com\/blog\/wp-content\/uploads\/2013\/02\/IMG_8221.jpg 422w, http:\/\/karin.stampis.com\/blog\/wp-content\/uploads\/2013\/02\/IMG_8221-253x360.jpg 253w\" sizes=\"auto, (max-width: 422px) 100vw, 422px\" \/><\/a><\/p>\n","protected":false},"excerpt":{"rendered":"<p>Tiden tuffar p\u00e5 och nu \u00e4r Alfred fyra m\u00e5nader. Han v\u00e4xer p\u00e5 och \u00f6var p\u00e5 sin motorik f\u00f6r fullt. Han vill alltid rulla \u00f6ver p\u00e5 mage, och v\u00e4l p\u00e5 mage s\u00e5 k\u00e4mpar han p\u00e5 med sina kryp\u00f6vningar. Det \u00e4r antingen &hellip; <a href=\"http:\/\/karin.stampis.com\/blog\/?p=14877\">Continue reading <span class=\"meta-nav\">&rarr;<\/span><\/a><\/p>\n","protected":false},"author":1,"featured_media":0,"comment_status":"open","ping_status":"open","sticky":false,"template":"","format":"standard","meta":{"footnotes":""},"categories":[328,322,330,339,331],"tags":[],"class_list":["post-14877","post","type-post","status-publish","format-standard","hentry","category-328","category-alfred","category-fyller-manad","category-utveckling-alfred","category-februari-2013"],"_links":{"self":[{"href":"http:\/\/karin.stampis.com\/blog\/index.php?rest_route=\/wp\/v2\/posts\/14877","targetHints":{"allow":["GET"]}}],"collection":[{"href":"http:\/\/karin.stampis.com\/blog\/index.php?rest_route=\/wp\/v2\/posts"}],"about":[{"href":"http:\/\/karin.stampis.com\/blog\/index.php?rest_route=\/wp\/v2\/types\/post"}],"author":[{"embeddable":true,"href":"http:\/\/karin.stampis.com\/blog\/index.php?rest_route=\/wp\/v2\/users\/1"}],"replies":[{"embeddable":true,"href":"http:\/\/karin.stampis.com\/blog\/index.php?rest_route=%2Fwp%2Fv2%2Fcomments&post=14877"}],"version-history":[{"count":14,"href":"http:\/\/karin.stampis.com\/blog\/index.php?rest_route=\/wp\/v2\/posts\/14877\/revisions"}],"predecessor-version":[{"id":14905,"href":"http:\/\/karin.stampis.com\/blog\/index.php?rest_route=\/wp\/v2\/posts\/14877\/revisions\/14905"}],"wp:attachment":[{"href":"http:\/\/karin.stampis.com\/blog\/index.php?rest_route=%2Fwp%2Fv2%2Fmedia&parent=14877"}],"wp:term":[{"taxonomy":"category","embeddable":true,"href":"http:\/\/karin.stampis.com\/blog\/index.php?rest_route=%2Fwp%2Fv2%2Fcategories&post=14877"},{"taxonomy":"post_tag","embeddable":true,"href":"http:\/\/karin.stampis.com\/blog\/index.php?rest_route=%2Fwp%2Fv2%2Ftags&post=14877"}],"curies":[{"name":"wp","href":"https:\/\/api.w.org\/{rel}","templated":true}]}}