{"id":14927,"date":"2013-02-24T00:29:37","date_gmt":"2013-02-23T23:29:37","guid":{"rendered":"http:\/\/karin.stampis.com\/blog\/?p=14927"},"modified":"2013-02-23T21:35:03","modified_gmt":"2013-02-23T20:35:03","slug":"snickarbyxor-och-hander","status":"publish","type":"post","link":"http:\/\/karin.stampis.com\/blog\/?p=14927","title":{"rendered":"Snickarbyxor och h\u00e4nder"},"content":{"rendered":"<p>Alfred ikl\u00e4dd mina gamla snickarbyxor, kul och eko att kunna \u00e5tervinna gamla kl\u00e4der \ud83d\ude42<\/p>\n<p><a href=\"http:\/\/karin.stampis.com\/blog\/wp-content\/uploads\/2013\/02\/MG_5897.jpg\"><img loading=\"lazy\" decoding=\"async\" class=\"aligncenter size-full wp-image-14922\" alt=\"_MG_5897\" src=\"http:\/\/karin.stampis.com\/blog\/wp-content\/uploads\/2013\/02\/MG_5897.jpg\" width=\"300\" height=\"600\" srcset=\"http:\/\/karin.stampis.com\/blog\/wp-content\/uploads\/2013\/02\/MG_5897.jpg 300w, http:\/\/karin.stampis.com\/blog\/wp-content\/uploads\/2013\/02\/MG_5897-180x360.jpg 180w\" sizes=\"auto, (max-width: 300px) 100vw, 300px\" \/><\/a> <a href=\"http:\/\/karin.stampis.com\/blog\/wp-content\/uploads\/2013\/02\/MG_5896.jpg\"><img loading=\"lazy\" decoding=\"async\" class=\"aligncenter size-full wp-image-14921\" alt=\"_MG_5896\" src=\"http:\/\/karin.stampis.com\/blog\/wp-content\/uploads\/2013\/02\/MG_5896.jpg\" width=\"304\" height=\"600\" srcset=\"http:\/\/karin.stampis.com\/blog\/wp-content\/uploads\/2013\/02\/MG_5896.jpg 304w, http:\/\/karin.stampis.com\/blog\/wp-content\/uploads\/2013\/02\/MG_5896-182x360.jpg 182w\" sizes=\"auto, (max-width: 304px) 100vw, 304px\" \/><\/a> <a href=\"http:\/\/karin.stampis.com\/blog\/wp-content\/uploads\/2013\/02\/MG_5882.jpg\"><img loading=\"lazy\" decoding=\"async\" class=\"aligncenter size-full wp-image-14920\" alt=\"_MG_5882\" src=\"http:\/\/karin.stampis.com\/blog\/wp-content\/uploads\/2013\/02\/MG_5882.jpg\" width=\"312\" height=\"600\" srcset=\"http:\/\/karin.stampis.com\/blog\/wp-content\/uploads\/2013\/02\/MG_5882.jpg 312w, http:\/\/karin.stampis.com\/blog\/wp-content\/uploads\/2013\/02\/MG_5882-187x360.jpg 187w\" sizes=\"auto, (max-width: 312px) 100vw, 312px\" \/><\/a><\/p>\n<p>Dock var inte Alfred riktigt upplagd f\u00f6r att bli fotograferad,och det ser ju\u00a0 lite s\u00e5d\u00e4r ut med mina h\u00e4nder p\u00e5 fotona. Men det \u00e4r ju lite sv\u00e5rt att trolla bort h\u00e4nderna, han kan ju inte sitta sj\u00e4lv s\u00e5 de m\u00e5ste ju vara d\u00e4r. D\u00e5 vi fotograferade f\u00f6r julkorten s\u00e5 trollade vi bort h\u00e4nderna m.h.a. en filt. Det blev lite fult d\u00e4r jag h\u00f6ll nallen, annars hade det nog funkat. H\u00e4r \u00e4r Alfred inte ens 1,5 m\u00e5nad gammal, k\u00e4nns l\u00e4ngesen!<\/p>\n<p><a href=\"http:\/\/karin.stampis.com\/blog\/wp-content\/uploads\/2013\/02\/MG_5521.jpg\"><img loading=\"lazy\" decoding=\"async\" class=\"aligncenter size-full wp-image-14929\" alt=\"_MG_5521\" src=\"http:\/\/karin.stampis.com\/blog\/wp-content\/uploads\/2013\/02\/MG_5521.jpg\" width=\"414\" height=\"600\" srcset=\"http:\/\/karin.stampis.com\/blog\/wp-content\/uploads\/2013\/02\/MG_5521.jpg 414w, http:\/\/karin.stampis.com\/blog\/wp-content\/uploads\/2013\/02\/MG_5521-248x360.jpg 248w\" sizes=\"auto, (max-width: 414px) 100vw, 414px\" \/><\/a><\/p>\n<p>Eller s\u00e5 kan man ha svarta kl\u00e4der p\u00e5 sig, som Jimmy r\u00e5kade ha h\u00e4r. D\u00e5 f\u00f6rsvinner iofs inte h\u00e4nderna, bara armarna, och det ser ju lite spooky ut med h\u00e4nder fr\u00e5n ingenstans.<\/p>\n<p><a href=\"http:\/\/karin.stampis.com\/blog\/wp-content\/uploads\/2013\/02\/IMG_8033.jpg\"><img loading=\"lazy\" decoding=\"async\" class=\"aligncenter size-full wp-image-14936\" alt=\"IMG_8033\" src=\"http:\/\/karin.stampis.com\/blog\/wp-content\/uploads\/2013\/02\/IMG_8033.jpg\" width=\"363\" height=\"600\" srcset=\"http:\/\/karin.stampis.com\/blog\/wp-content\/uploads\/2013\/02\/IMG_8033.jpg 363w, http:\/\/karin.stampis.com\/blog\/wp-content\/uploads\/2013\/02\/IMG_8033-217x360.jpg 217w\" sizes=\"auto, (max-width: 363px) 100vw, 363px\" \/><\/a><\/p>\n<p>N\u00e5v\u00e4l, om ett tag kan han sitta sj\u00e4lva s\u00e5 d\u00e5 l\u00f6ser sig det problemet. Fast d\u00e5 kommer han v\u00e4l krypa iv\u00e4g ist\u00e4llet :p.<\/p>\n<p>&nbsp;<\/p>\n","protected":false},"excerpt":{"rendered":"<p>Alfred ikl\u00e4dd mina gamla snickarbyxor, kul och eko att kunna \u00e5tervinna gamla kl\u00e4der \ud83d\ude42 Dock var inte Alfred riktigt upplagd f\u00f6r att bli fotograferad,och det ser ju\u00a0 lite s\u00e5d\u00e4r ut med mina h\u00e4nder p\u00e5 fotona. Men det \u00e4r ju lite &hellip; <a href=\"http:\/\/karin.stampis.com\/blog\/?p=14927\">Continue reading <span class=\"meta-nav\">&rarr;<\/span><\/a><\/p>\n","protected":false},"author":1,"featured_media":0,"comment_status":"open","ping_status":"open","sticky":false,"template":"","format":"standard","meta":{"footnotes":""},"categories":[328,322,341,331],"tags":[],"class_list":["post-14927","post","type-post","status-publish","format-standard","hentry","category-328","category-alfred","category-alfreds-klader","category-februari-2013"],"_links":{"self":[{"href":"http:\/\/karin.stampis.com\/blog\/index.php?rest_route=\/wp\/v2\/posts\/14927","targetHints":{"allow":["GET"]}}],"collection":[{"href":"http:\/\/karin.stampis.com\/blog\/index.php?rest_route=\/wp\/v2\/posts"}],"about":[{"href":"http:\/\/karin.stampis.com\/blog\/index.php?rest_route=\/wp\/v2\/types\/post"}],"author":[{"embeddable":true,"href":"http:\/\/karin.stampis.com\/blog\/index.php?rest_route=\/wp\/v2\/users\/1"}],"replies":[{"embeddable":true,"href":"http:\/\/karin.stampis.com\/blog\/index.php?rest_route=%2Fwp%2Fv2%2Fcomments&post=14927"}],"version-history":[{"count":15,"href":"http:\/\/karin.stampis.com\/blog\/index.php?rest_route=\/wp\/v2\/posts\/14927\/revisions"}],"predecessor-version":[{"id":14942,"href":"http:\/\/karin.stampis.com\/blog\/index.php?rest_route=\/wp\/v2\/posts\/14927\/revisions\/14942"}],"wp:attachment":[{"href":"http:\/\/karin.stampis.com\/blog\/index.php?rest_route=%2Fwp%2Fv2%2Fmedia&parent=14927"}],"wp:term":[{"taxonomy":"category","embeddable":true,"href":"http:\/\/karin.stampis.com\/blog\/index.php?rest_route=%2Fwp%2Fv2%2Fcategories&post=14927"},{"taxonomy":"post_tag","embeddable":true,"href":"http:\/\/karin.stampis.com\/blog\/index.php?rest_route=%2Fwp%2Fv2%2Ftags&post=14927"}],"curies":[{"name":"wp","href":"https:\/\/api.w.org\/{rel}","templated":true}]}}