{"id":14993,"date":"2013-03-02T13:13:43","date_gmt":"2013-03-02T12:13:43","guid":{"rendered":"http:\/\/karin.stampis.com\/blog\/?p=14993"},"modified":"2013-03-02T13:13:43","modified_gmt":"2013-03-02T12:13:43","slug":"fredagskvall-i-timmerkojan","status":"publish","type":"post","link":"http:\/\/karin.stampis.com\/blog\/?p=14993","title":{"rendered":"Fredagskv\u00e4ll i timmerkojan"},"content":{"rendered":"<p>Har varit p\u00e5 landet i n\u00e5gra dagar, och ig\u00e5r h\u00e4mtade jag upp maken.<\/p>\n<p><a href=\"http:\/\/karin.stampis.com\/blog\/wp-content\/uploads\/2013\/03\/IMG_8277.jpg\"><img loading=\"lazy\" decoding=\"async\" class=\"aligncenter size-full wp-image-14994\" alt=\"IMG_8277\" src=\"http:\/\/karin.stampis.com\/blog\/wp-content\/uploads\/2013\/03\/IMG_8277.jpg\" width=\"560\" height=\"600\" srcset=\"http:\/\/karin.stampis.com\/blog\/wp-content\/uploads\/2013\/03\/IMG_8277.jpg 560w, http:\/\/karin.stampis.com\/blog\/wp-content\/uploads\/2013\/03\/IMG_8277-336x360.jpg 336w\" sizes=\"auto, (max-width: 560px) 100vw, 560px\" \/><\/a><\/p>\n<p>Alfred har b\u00f6rjat med smakportioner nu. Fast \u00e4ven om han sneglar p\u00e5 \u00f6len s\u00e5 f\u00e5r han n\u00f6ja sig med lite andra smaker :p .<\/p>\n<p><a href=\"http:\/\/karin.stampis.com\/blog\/wp-content\/uploads\/2013\/03\/IMG_8278.jpg\"><img loading=\"lazy\" decoding=\"async\" class=\"aligncenter size-full wp-image-14995\" alt=\"IMG_8278\" src=\"http:\/\/karin.stampis.com\/blog\/wp-content\/uploads\/2013\/03\/IMG_8278.jpg\" width=\"583\" height=\"600\" srcset=\"http:\/\/karin.stampis.com\/blog\/wp-content\/uploads\/2013\/03\/IMG_8278.jpg 583w, http:\/\/karin.stampis.com\/blog\/wp-content\/uploads\/2013\/03\/IMG_8278-349x360.jpg 349w\" sizes=\"auto, (max-width: 583px) 100vw, 583px\" \/><\/a><\/p>\n","protected":false},"excerpt":{"rendered":"<p>Har varit p\u00e5 landet i n\u00e5gra dagar, och ig\u00e5r h\u00e4mtade jag upp maken. Alfred har b\u00f6rjat med smakportioner nu. Fast \u00e4ven om han sneglar p\u00e5 \u00f6len s\u00e5 f\u00e5r han n\u00f6ja sig med lite andra smaker :p .<\/p>\n","protected":false},"author":1,"featured_media":0,"comment_status":"open","ping_status":"open","sticky":false,"template":"","format":"standard","meta":{"footnotes":""},"categories":[328,322,344],"tags":[],"class_list":["post-14993","post","type-post","status-publish","format-standard","hentry","category-328","category-alfred","category-mars-2013"],"_links":{"self":[{"href":"http:\/\/karin.stampis.com\/blog\/index.php?rest_route=\/wp\/v2\/posts\/14993","targetHints":{"allow":["GET"]}}],"collection":[{"href":"http:\/\/karin.stampis.com\/blog\/index.php?rest_route=\/wp\/v2\/posts"}],"about":[{"href":"http:\/\/karin.stampis.com\/blog\/index.php?rest_route=\/wp\/v2\/types\/post"}],"author":[{"embeddable":true,"href":"http:\/\/karin.stampis.com\/blog\/index.php?rest_route=\/wp\/v2\/users\/1"}],"replies":[{"embeddable":true,"href":"http:\/\/karin.stampis.com\/blog\/index.php?rest_route=%2Fwp%2Fv2%2Fcomments&post=14993"}],"version-history":[{"count":3,"href":"http:\/\/karin.stampis.com\/blog\/index.php?rest_route=\/wp\/v2\/posts\/14993\/revisions"}],"predecessor-version":[{"id":14998,"href":"http:\/\/karin.stampis.com\/blog\/index.php?rest_route=\/wp\/v2\/posts\/14993\/revisions\/14998"}],"wp:attachment":[{"href":"http:\/\/karin.stampis.com\/blog\/index.php?rest_route=%2Fwp%2Fv2%2Fmedia&parent=14993"}],"wp:term":[{"taxonomy":"category","embeddable":true,"href":"http:\/\/karin.stampis.com\/blog\/index.php?rest_route=%2Fwp%2Fv2%2Fcategories&post=14993"},{"taxonomy":"post_tag","embeddable":true,"href":"http:\/\/karin.stampis.com\/blog\/index.php?rest_route=%2Fwp%2Fv2%2Ftags&post=14993"}],"curies":[{"name":"wp","href":"https:\/\/api.w.org\/{rel}","templated":true}]}}