{"id":15016,"date":"2013-03-04T00:35:29","date_gmt":"2013-03-03T23:35:29","guid":{"rendered":"http:\/\/karin.stampis.com\/blog\/?p=15016"},"modified":"2013-03-02T16:36:16","modified_gmt":"2013-03-02T15:36:16","slug":"med-pa-fikan","status":"publish","type":"post","link":"http:\/\/karin.stampis.com\/blog\/?p=15016","title":{"rendered":"Med p\u00e5 fikan"},"content":{"rendered":"<p>Nu d\u00e5 Alfred har passerat 4 m\u00e5nader kan man enligt rekommendationerna ge honom smakportioner. S\u00e5 han fick vara med och fika. Dock blev det inte kaffe och kanelbullar f\u00f6r hans del, utan ist\u00e4llet lite satsumas och \u00e4pple. Nom nom tyckte han.<\/p>\n<p style=\"text-align: center;\"><em>Alfred h\u00e4nger med i soffan och fikar.<\/em><\/p>\n<p><a href=\"http:\/\/karin.stampis.com\/blog\/wp-content\/uploads\/2013\/03\/MG_5923.jpg\"><img loading=\"lazy\" decoding=\"async\" class=\"aligncenter size-full wp-image-15018\" alt=\"_MG_5923\" src=\"http:\/\/karin.stampis.com\/blog\/wp-content\/uploads\/2013\/03\/MG_5923.jpg\" width=\"600\" height=\"456\" srcset=\"http:\/\/karin.stampis.com\/blog\/wp-content\/uploads\/2013\/03\/MG_5923.jpg 600w, http:\/\/karin.stampis.com\/blog\/wp-content\/uploads\/2013\/03\/MG_5923-360x273.jpg 360w\" sizes=\"auto, (max-width: 600px) 100vw, 600px\" \/><\/a><\/p>\n<p><a href=\"http:\/\/karin.stampis.com\/blog\/wp-content\/uploads\/2013\/03\/MG_5925.jpg\"><img loading=\"lazy\" decoding=\"async\" class=\"aligncenter size-full wp-image-15019\" alt=\"_MG_5925\" src=\"http:\/\/karin.stampis.com\/blog\/wp-content\/uploads\/2013\/03\/MG_5925.jpg\" width=\"600\" height=\"439\" srcset=\"http:\/\/karin.stampis.com\/blog\/wp-content\/uploads\/2013\/03\/MG_5925.jpg 600w, http:\/\/karin.stampis.com\/blog\/wp-content\/uploads\/2013\/03\/MG_5925-360x263.jpg 360w\" sizes=\"auto, (max-width: 600px) 100vw, 600px\" \/><\/a><\/p>\n","protected":false},"excerpt":{"rendered":"<p>Nu d\u00e5 Alfred har passerat 4 m\u00e5nader kan man enligt rekommendationerna ge honom smakportioner. S\u00e5 han fick vara med och fika. Dock blev det inte kaffe och kanelbullar f\u00f6r hans del, utan ist\u00e4llet lite satsumas och \u00e4pple. Nom nom tyckte &hellip; <a href=\"http:\/\/karin.stampis.com\/blog\/?p=15016\">Continue reading <span class=\"meta-nav\">&rarr;<\/span><\/a><\/p>\n","protected":false},"author":1,"featured_media":0,"comment_status":"open","ping_status":"open","sticky":false,"template":"","format":"standard","meta":{"footnotes":""},"categories":[328,322,344],"tags":[],"class_list":["post-15016","post","type-post","status-publish","format-standard","hentry","category-328","category-alfred","category-mars-2013"],"_links":{"self":[{"href":"http:\/\/karin.stampis.com\/blog\/index.php?rest_route=\/wp\/v2\/posts\/15016","targetHints":{"allow":["GET"]}}],"collection":[{"href":"http:\/\/karin.stampis.com\/blog\/index.php?rest_route=\/wp\/v2\/posts"}],"about":[{"href":"http:\/\/karin.stampis.com\/blog\/index.php?rest_route=\/wp\/v2\/types\/post"}],"author":[{"embeddable":true,"href":"http:\/\/karin.stampis.com\/blog\/index.php?rest_route=\/wp\/v2\/users\/1"}],"replies":[{"embeddable":true,"href":"http:\/\/karin.stampis.com\/blog\/index.php?rest_route=%2Fwp%2Fv2%2Fcomments&post=15016"}],"version-history":[{"count":7,"href":"http:\/\/karin.stampis.com\/blog\/index.php?rest_route=\/wp\/v2\/posts\/15016\/revisions"}],"predecessor-version":[{"id":15026,"href":"http:\/\/karin.stampis.com\/blog\/index.php?rest_route=\/wp\/v2\/posts\/15016\/revisions\/15026"}],"wp:attachment":[{"href":"http:\/\/karin.stampis.com\/blog\/index.php?rest_route=%2Fwp%2Fv2%2Fmedia&parent=15016"}],"wp:term":[{"taxonomy":"category","embeddable":true,"href":"http:\/\/karin.stampis.com\/blog\/index.php?rest_route=%2Fwp%2Fv2%2Fcategories&post=15016"},{"taxonomy":"post_tag","embeddable":true,"href":"http:\/\/karin.stampis.com\/blog\/index.php?rest_route=%2Fwp%2Fv2%2Ftags&post=15016"}],"curies":[{"name":"wp","href":"https:\/\/api.w.org\/{rel}","templated":true}]}}