{"id":15074,"date":"2013-03-09T11:38:05","date_gmt":"2013-03-09T10:38:05","guid":{"rendered":"http:\/\/karin.stampis.com\/blog\/?p=15074"},"modified":"2013-03-09T11:40:49","modified_gmt":"2013-03-09T10:40:49","slug":"alfred-och-jag-laser-tidningen","status":"publish","type":"post","link":"http:\/\/karin.stampis.com\/blog\/?p=15074","title":{"rendered":"Alfred och jag l\u00e4ser tidningen"},"content":{"rendered":"<p><a href=\"http:\/\/karin.stampis.com\/blog\/wp-content\/uploads\/2013\/03\/IMG_8367.jpg\"><img loading=\"lazy\" decoding=\"async\" class=\"aligncenter size-full wp-image-15075\" alt=\"IMG_8367\" src=\"http:\/\/karin.stampis.com\/blog\/wp-content\/uploads\/2013\/03\/IMG_8367.jpg\" width=\"450\" height=\"600\" srcset=\"http:\/\/karin.stampis.com\/blog\/wp-content\/uploads\/2013\/03\/IMG_8367.jpg 450w, http:\/\/karin.stampis.com\/blog\/wp-content\/uploads\/2013\/03\/IMG_8367-270x360.jpg 270w\" sizes=\"auto, (max-width: 450px) 100vw, 450px\" \/><\/a> <a href=\"http:\/\/karin.stampis.com\/blog\/wp-content\/uploads\/2013\/03\/IMG_8368.jpg\"><img loading=\"lazy\" decoding=\"async\" class=\"aligncenter size-large wp-image-15076\" alt=\"IMG_8368\" src=\"http:\/\/karin.stampis.com\/blog\/wp-content\/uploads\/2013\/03\/IMG_8368.jpg\" width=\"450\" height=\"600\" srcset=\"http:\/\/karin.stampis.com\/blog\/wp-content\/uploads\/2013\/03\/IMG_8368.jpg 450w, http:\/\/karin.stampis.com\/blog\/wp-content\/uploads\/2013\/03\/IMG_8368-270x360.jpg 270w\" sizes=\"auto, (max-width: 450px) 100vw, 450px\" \/><\/a>Ojd\u00e5, ser h\u00e4r att jag kom ih\u00e5g att borsta Alfreds h\u00e5r men att jag gl\u00f6mde mitt eget. L\u00e4tt h\u00e4nt.<\/p>\n","protected":false},"excerpt":{"rendered":"<p>Ojd\u00e5, ser h\u00e4r att jag kom ih\u00e5g att borsta Alfreds h\u00e5r men att jag gl\u00f6mde mitt eget. L\u00e4tt h\u00e4nt.<\/p>\n","protected":false},"author":1,"featured_media":0,"comment_status":"open","ping_status":"open","sticky":false,"template":"","format":"standard","meta":{"footnotes":""},"categories":[328,322,333,344],"tags":[],"class_list":["post-15074","post","type-post","status-publish","format-standard","hentry","category-328","category-alfred","category-du-och-jag-alfred","category-mars-2013"],"_links":{"self":[{"href":"http:\/\/karin.stampis.com\/blog\/index.php?rest_route=\/wp\/v2\/posts\/15074","targetHints":{"allow":["GET"]}}],"collection":[{"href":"http:\/\/karin.stampis.com\/blog\/index.php?rest_route=\/wp\/v2\/posts"}],"about":[{"href":"http:\/\/karin.stampis.com\/blog\/index.php?rest_route=\/wp\/v2\/types\/post"}],"author":[{"embeddable":true,"href":"http:\/\/karin.stampis.com\/blog\/index.php?rest_route=\/wp\/v2\/users\/1"}],"replies":[{"embeddable":true,"href":"http:\/\/karin.stampis.com\/blog\/index.php?rest_route=%2Fwp%2Fv2%2Fcomments&post=15074"}],"version-history":[{"count":6,"href":"http:\/\/karin.stampis.com\/blog\/index.php?rest_route=\/wp\/v2\/posts\/15074\/revisions"}],"predecessor-version":[{"id":15081,"href":"http:\/\/karin.stampis.com\/blog\/index.php?rest_route=\/wp\/v2\/posts\/15074\/revisions\/15081"}],"wp:attachment":[{"href":"http:\/\/karin.stampis.com\/blog\/index.php?rest_route=%2Fwp%2Fv2%2Fmedia&parent=15074"}],"wp:term":[{"taxonomy":"category","embeddable":true,"href":"http:\/\/karin.stampis.com\/blog\/index.php?rest_route=%2Fwp%2Fv2%2Fcategories&post=15074"},{"taxonomy":"post_tag","embeddable":true,"href":"http:\/\/karin.stampis.com\/blog\/index.php?rest_route=%2Fwp%2Fv2%2Ftags&post=15074"}],"curies":[{"name":"wp","href":"https:\/\/api.w.org\/{rel}","templated":true}]}}