{"id":15121,"date":"2013-03-13T07:04:01","date_gmt":"2013-03-13T06:04:01","guid":{"rendered":"http:\/\/karin.stampis.com\/blog\/?p=15121"},"modified":"2013-03-12T18:29:13","modified_gmt":"2013-03-12T17:29:13","slug":"i-mammas-kna","status":"publish","type":"post","link":"http:\/\/karin.stampis.com\/blog\/?p=15121","title":{"rendered":"I mammas kn\u00e4"},"content":{"rendered":"<p>Burr, vilket kallt v\u00e4der det \u00e4r nu. De ruggigaste dagarna sitter vi inne och l\u00e4ser* ist\u00e4llet.<\/p>\n<p><a href=\"http:\/\/karin.stampis.com\/blog\/wp-content\/uploads\/2013\/03\/IMG_8439.jpg\"><img loading=\"lazy\" decoding=\"async\" class=\"aligncenter size-full wp-image-15122\" alt=\"IMG_8439\" src=\"http:\/\/karin.stampis.com\/blog\/wp-content\/uploads\/2013\/03\/IMG_8439.jpg\" width=\"600\" height=\"531\" srcset=\"http:\/\/karin.stampis.com\/blog\/wp-content\/uploads\/2013\/03\/IMG_8439.jpg 600w, http:\/\/karin.stampis.com\/blog\/wp-content\/uploads\/2013\/03\/IMG_8439-360x318.jpg 360w\" sizes=\"auto, (max-width: 600px) 100vw, 600px\" \/><\/a><\/p>\n<p>* = Jag l\u00e4ser deckare. Alfred sitter i mitt kn\u00e4 och f\u00f6rs\u00f6ker \u00e4ta upp boken.<\/p>\n","protected":false},"excerpt":{"rendered":"<p>Burr, vilket kallt v\u00e4der det \u00e4r nu. De ruggigaste dagarna sitter vi inne och l\u00e4ser* ist\u00e4llet. * = Jag l\u00e4ser deckare. Alfred sitter i mitt kn\u00e4 och f\u00f6rs\u00f6ker \u00e4ta upp boken.<\/p>\n","protected":false},"author":1,"featured_media":0,"comment_status":"open","ping_status":"open","sticky":false,"template":"","format":"standard","meta":{"footnotes":""},"categories":[328,322,333,344],"tags":[],"class_list":["post-15121","post","type-post","status-publish","format-standard","hentry","category-328","category-alfred","category-du-och-jag-alfred","category-mars-2013"],"_links":{"self":[{"href":"http:\/\/karin.stampis.com\/blog\/index.php?rest_route=\/wp\/v2\/posts\/15121","targetHints":{"allow":["GET"]}}],"collection":[{"href":"http:\/\/karin.stampis.com\/blog\/index.php?rest_route=\/wp\/v2\/posts"}],"about":[{"href":"http:\/\/karin.stampis.com\/blog\/index.php?rest_route=\/wp\/v2\/types\/post"}],"author":[{"embeddable":true,"href":"http:\/\/karin.stampis.com\/blog\/index.php?rest_route=\/wp\/v2\/users\/1"}],"replies":[{"embeddable":true,"href":"http:\/\/karin.stampis.com\/blog\/index.php?rest_route=%2Fwp%2Fv2%2Fcomments&post=15121"}],"version-history":[{"count":7,"href":"http:\/\/karin.stampis.com\/blog\/index.php?rest_route=\/wp\/v2\/posts\/15121\/revisions"}],"predecessor-version":[{"id":15127,"href":"http:\/\/karin.stampis.com\/blog\/index.php?rest_route=\/wp\/v2\/posts\/15121\/revisions\/15127"}],"wp:attachment":[{"href":"http:\/\/karin.stampis.com\/blog\/index.php?rest_route=%2Fwp%2Fv2%2Fmedia&parent=15121"}],"wp:term":[{"taxonomy":"category","embeddable":true,"href":"http:\/\/karin.stampis.com\/blog\/index.php?rest_route=%2Fwp%2Fv2%2Fcategories&post=15121"},{"taxonomy":"post_tag","embeddable":true,"href":"http:\/\/karin.stampis.com\/blog\/index.php?rest_route=%2Fwp%2Fv2%2Ftags&post=15121"}],"curies":[{"name":"wp","href":"https:\/\/api.w.org\/{rel}","templated":true}]}}