{"id":15238,"date":"2013-03-19T08:11:48","date_gmt":"2013-03-19T07:11:48","guid":{"rendered":"http:\/\/karin.stampis.com\/blog\/?p=15238"},"modified":"2013-03-18T22:11:57","modified_gmt":"2013-03-18T21:11:57","slug":"det-blaser","status":"publish","type":"post","link":"http:\/\/karin.stampis.com\/blog\/?p=15238","title":{"rendered":"Det bl\u00e5ser"},"content":{"rendered":"<p>Jisses vad det bl\u00e5ser ute nu! Idag ska jag h\u00e5lla mig inne&#8230;<\/p>\n<p>Ig\u00e5r var jag dock ute och gick, d\u00e5 Alfred skulle vaccineras p\u00e5 Umas. Det var tur att varken jag eller barnvagnen \u00e4r n\u00e5gra flugviktare, f\u00f6r barnvagnen var p\u00e5 god v\u00e4g att v\u00e4lta av vinden n\u00e5gra g\u00e5nger &#8211; jag fick luta mig rej\u00e4lt p\u00e5 den f\u00f6r att motverka det hela. Scary!<\/p>\n<p><em>Vinden har bl\u00e5st i Alfreds h\u00e5r :p . Nejd\u00e5, det blir s\u00e5 d\u00e5 man har babyolja i badet.<\/em><\/p>\n<p><a href=\"http:\/\/karin.stampis.com\/blog\/wp-content\/uploads\/2013\/03\/IMG_8489.jpg\"><img loading=\"lazy\" decoding=\"async\" class=\"aligncenter size-full wp-image-15239\" alt=\"IMG_8489\" src=\"http:\/\/karin.stampis.com\/blog\/wp-content\/uploads\/2013\/03\/IMG_8489.jpg\" width=\"583\" height=\"600\" srcset=\"http:\/\/karin.stampis.com\/blog\/wp-content\/uploads\/2013\/03\/IMG_8489.jpg 583w, http:\/\/karin.stampis.com\/blog\/wp-content\/uploads\/2013\/03\/IMG_8489-349x360.jpg 349w\" sizes=\"auto, (max-width: 583px) 100vw, 583px\" \/><\/a><\/p>\n<p><a href=\"http:\/\/karin.stampis.com\/blog\/wp-content\/uploads\/2013\/03\/IMG_8492-2.jpg\"><img loading=\"lazy\" decoding=\"async\" class=\"aligncenter size-full wp-image-15243\" alt=\"IMG_8492-2\" src=\"http:\/\/karin.stampis.com\/blog\/wp-content\/uploads\/2013\/03\/IMG_8492-2.jpg\" width=\"600\" height=\"599\" srcset=\"http:\/\/karin.stampis.com\/blog\/wp-content\/uploads\/2013\/03\/IMG_8492-2.jpg 600w, http:\/\/karin.stampis.com\/blog\/wp-content\/uploads\/2013\/03\/IMG_8492-2-150x150.jpg 150w, http:\/\/karin.stampis.com\/blog\/wp-content\/uploads\/2013\/03\/IMG_8492-2-360x360.jpg 360w\" sizes=\"auto, (max-width: 600px) 100vw, 600px\" \/><\/a><\/p>\n<p>&nbsp;<\/p>\n","protected":false},"excerpt":{"rendered":"<p>Jisses vad det bl\u00e5ser ute nu! Idag ska jag h\u00e5lla mig inne&#8230; Ig\u00e5r var jag dock ute och gick, d\u00e5 Alfred skulle vaccineras p\u00e5 Umas. Det var tur att varken jag eller barnvagnen \u00e4r n\u00e5gra flugviktare, f\u00f6r barnvagnen var p\u00e5 &hellip; <a href=\"http:\/\/karin.stampis.com\/blog\/?p=15238\">Continue reading <span class=\"meta-nav\">&rarr;<\/span><\/a><\/p>\n","protected":false},"author":1,"featured_media":0,"comment_status":"open","ping_status":"open","sticky":false,"template":"","format":"standard","meta":{"footnotes":""},"categories":[328,322,344],"tags":[],"class_list":["post-15238","post","type-post","status-publish","format-standard","hentry","category-328","category-alfred","category-mars-2013"],"_links":{"self":[{"href":"http:\/\/karin.stampis.com\/blog\/index.php?rest_route=\/wp\/v2\/posts\/15238","targetHints":{"allow":["GET"]}}],"collection":[{"href":"http:\/\/karin.stampis.com\/blog\/index.php?rest_route=\/wp\/v2\/posts"}],"about":[{"href":"http:\/\/karin.stampis.com\/blog\/index.php?rest_route=\/wp\/v2\/types\/post"}],"author":[{"embeddable":true,"href":"http:\/\/karin.stampis.com\/blog\/index.php?rest_route=\/wp\/v2\/users\/1"}],"replies":[{"embeddable":true,"href":"http:\/\/karin.stampis.com\/blog\/index.php?rest_route=%2Fwp%2Fv2%2Fcomments&post=15238"}],"version-history":[{"count":8,"href":"http:\/\/karin.stampis.com\/blog\/index.php?rest_route=\/wp\/v2\/posts\/15238\/revisions"}],"predecessor-version":[{"id":15249,"href":"http:\/\/karin.stampis.com\/blog\/index.php?rest_route=\/wp\/v2\/posts\/15238\/revisions\/15249"}],"wp:attachment":[{"href":"http:\/\/karin.stampis.com\/blog\/index.php?rest_route=%2Fwp%2Fv2%2Fmedia&parent=15238"}],"wp:term":[{"taxonomy":"category","embeddable":true,"href":"http:\/\/karin.stampis.com\/blog\/index.php?rest_route=%2Fwp%2Fv2%2Fcategories&post=15238"},{"taxonomy":"post_tag","embeddable":true,"href":"http:\/\/karin.stampis.com\/blog\/index.php?rest_route=%2Fwp%2Fv2%2Ftags&post=15238"}],"curies":[{"name":"wp","href":"https:\/\/api.w.org\/{rel}","templated":true}]}}