{"id":15314,"date":"2013-04-04T00:32:01","date_gmt":"2013-04-03T23:32:01","guid":{"rendered":"http:\/\/karin.stampis.com\/blog\/?p=15314"},"modified":"2013-04-03T22:32:11","modified_gmt":"2013-04-03T21:32:11","slug":"krabban-alfred","status":"publish","type":"post","link":"http:\/\/karin.stampis.com\/blog\/?p=15314","title":{"rendered":"Krabban Alfred"},"content":{"rendered":"<p>Alfred kan inte krypa \u00e4n, men han \u00e4r v\u00e4ldigt bra att f\u00f6rflytta sig i sidled. I b\u00f6rjan av natten ligger han i mitten av v\u00e5r dubbels\u00e4ng, men sen f\u00f6rflyttar han sig i sidled s\u00e5 att han \u00e4r s\u00e5 n\u00e4ra en av oss\u00a0(oftast mig, tycker jag!) som han kan tills vederb\u00f6rande ligger precis vid kanten av s\u00e4ngen. Man kan ju \u00e4ven sova med Alfred kloss intill sig, men han \u00e4r v\u00e4ldigt r\u00f6rlig och d\u00e5 ryker man p\u00e5 ett antal smockor h\u00e4r och d\u00e4r.<\/p>\n<p>Alternativt s\u00e5 snurrar han ett kvarts varv (som p\u00e5 bilden nedan) och ockuperar p\u00e5 s\u00e5 s\u00e4tt en stor del (iaf 70 cm) av s\u00e4ngen.<\/p>\n<p>Han har nannat lite oroligt p\u00e5 sistone, och som jag skrivit tidigare s\u00e5 \u00e4r de d\u00e4r nyf\u00f6dd-hormonerna som g\u00f6r att det \u00e4r\u00a0easypeasy att vakna en massa g\u00e5nger p\u00e5 natten r\u00e4tt s\u00e5 f\u00f6rsvunna nu, s\u00e5 jag sover l\u00e4\u00e4\u00e4nge nu (det g\u00f6r Alfred med tack och lov).<\/p>\n<p>Vi har gjort lite f\u00f6rs\u00f6k med spj\u00e4ls\u00e4ngen, men det \u00e4r ett projekt&#8230;<\/p>\n<p>Fast det \u00e4r \u00e4nd\u00e5 mysigt d\u00e5 han sover hos oss, \u00e4ven om man blir uttr\u00e4ngd och sparkad, s\u00e5 det f\u00e5r han g\u00f6ra ett tag till &#8211; iaf tills jag ska b\u00f6rja jobba :p .<\/p>\n<p><a href=\"http:\/\/karin.stampis.com\/blog\/wp-content\/uploads\/2013\/03\/IMG_8502.jpg\"><img loading=\"lazy\" decoding=\"async\" class=\"aligncenter size-large wp-image-15316\" alt=\"IMG_8502\" src=\"http:\/\/karin.stampis.com\/blog\/wp-content\/uploads\/2013\/03\/IMG_8502.jpg\" width=\"600\" height=\"417\" srcset=\"http:\/\/karin.stampis.com\/blog\/wp-content\/uploads\/2013\/03\/IMG_8502.jpg 600w, http:\/\/karin.stampis.com\/blog\/wp-content\/uploads\/2013\/03\/IMG_8502-360x250.jpg 360w\" sizes=\"auto, (max-width: 600px) 100vw, 600px\" \/><\/a><\/p>\n","protected":false},"excerpt":{"rendered":"<p>Alfred kan inte krypa \u00e4n, men han \u00e4r v\u00e4ldigt bra att f\u00f6rflytta sig i sidled. I b\u00f6rjan av natten ligger han i mitten av v\u00e5r dubbels\u00e4ng, men sen f\u00f6rflyttar han sig i sidled s\u00e5 att han \u00e4r s\u00e5 n\u00e4ra en &hellip; <a href=\"http:\/\/karin.stampis.com\/blog\/?p=15314\">Continue reading <span class=\"meta-nav\">&rarr;<\/span><\/a><\/p>\n","protected":false},"author":1,"featured_media":0,"comment_status":"open","ping_status":"open","sticky":false,"template":"","format":"standard","meta":{"footnotes":""},"categories":[328,322,345],"tags":[],"class_list":["post-15314","post","type-post","status-publish","format-standard","hentry","category-328","category-alfred","category-april-2013"],"_links":{"self":[{"href":"http:\/\/karin.stampis.com\/blog\/index.php?rest_route=\/wp\/v2\/posts\/15314","targetHints":{"allow":["GET"]}}],"collection":[{"href":"http:\/\/karin.stampis.com\/blog\/index.php?rest_route=\/wp\/v2\/posts"}],"about":[{"href":"http:\/\/karin.stampis.com\/blog\/index.php?rest_route=\/wp\/v2\/types\/post"}],"author":[{"embeddable":true,"href":"http:\/\/karin.stampis.com\/blog\/index.php?rest_route=\/wp\/v2\/users\/1"}],"replies":[{"embeddable":true,"href":"http:\/\/karin.stampis.com\/blog\/index.php?rest_route=%2Fwp%2Fv2%2Fcomments&post=15314"}],"version-history":[{"count":6,"href":"http:\/\/karin.stampis.com\/blog\/index.php?rest_route=\/wp\/v2\/posts\/15314\/revisions"}],"predecessor-version":[{"id":15429,"href":"http:\/\/karin.stampis.com\/blog\/index.php?rest_route=\/wp\/v2\/posts\/15314\/revisions\/15429"}],"wp:attachment":[{"href":"http:\/\/karin.stampis.com\/blog\/index.php?rest_route=%2Fwp%2Fv2%2Fmedia&parent=15314"}],"wp:term":[{"taxonomy":"category","embeddable":true,"href":"http:\/\/karin.stampis.com\/blog\/index.php?rest_route=%2Fwp%2Fv2%2Fcategories&post=15314"},{"taxonomy":"post_tag","embeddable":true,"href":"http:\/\/karin.stampis.com\/blog\/index.php?rest_route=%2Fwp%2Fv2%2Ftags&post=15314"}],"curies":[{"name":"wp","href":"https:\/\/api.w.org\/{rel}","templated":true}]}}