{"id":15467,"date":"2013-04-09T09:06:40","date_gmt":"2013-04-09T08:06:40","guid":{"rendered":"http:\/\/karin.stampis.com\/blog\/?p=15467"},"modified":"2013-04-09T09:06:40","modified_gmt":"2013-04-09T08:06:40","slug":"alfred-ater-glass","status":"publish","type":"post","link":"http:\/\/karin.stampis.com\/blog\/?p=15467","title":{"rendered":"Alfred \u00e4ter glass"},"content":{"rendered":"<p>Alfred har s\u00e5 sm\u00e5tt b\u00f6rjat k\u00e4ka vanlig mat, n\u00e5gon liten portion d\u00e5 och d\u00e5. \u00c4r fast besluten att han ska f\u00e5 nyttig och hemlagad mat, hoppas verkligen att jag inte kommer tumma p\u00e5 det mer \u00e4n i undantagsfall. N\u00e5v\u00e4l, ett undantagsfall i helgen d\u00e5 han fick smaka lite glass. S\u00f6tsugs-genen verkar han iaf ha f\u00e5tt&#8230;<\/p>\n<p><a href=\"http:\/\/karin.stampis.com\/blog\/wp-content\/uploads\/2013\/04\/IMG_8642.jpg\"><img loading=\"lazy\" decoding=\"async\" class=\"aligncenter size-full wp-image-15473\" alt=\"IMG_8642\" src=\"http:\/\/karin.stampis.com\/blog\/wp-content\/uploads\/2013\/04\/IMG_8642.jpg\" width=\"600\" height=\"450\" srcset=\"http:\/\/karin.stampis.com\/blog\/wp-content\/uploads\/2013\/04\/IMG_8642.jpg 600w, http:\/\/karin.stampis.com\/blog\/wp-content\/uploads\/2013\/04\/IMG_8642-360x270.jpg 360w\" sizes=\"auto, (max-width: 600px) 100vw, 600px\" \/><\/a> <a href=\"http:\/\/karin.stampis.com\/blog\/wp-content\/uploads\/2013\/04\/IMG_8649.jpg\"><img loading=\"lazy\" decoding=\"async\" class=\"aligncenter size-large wp-image-15474\" alt=\"IMG_8649\" src=\"http:\/\/karin.stampis.com\/blog\/wp-content\/uploads\/2013\/04\/IMG_8649.jpg\" width=\"600\" height=\"450\" srcset=\"http:\/\/karin.stampis.com\/blog\/wp-content\/uploads\/2013\/04\/IMG_8649.jpg 600w, http:\/\/karin.stampis.com\/blog\/wp-content\/uploads\/2013\/04\/IMG_8649-360x270.jpg 360w\" sizes=\"auto, (max-width: 600px) 100vw, 600px\" \/><\/a><\/p>\n","protected":false},"excerpt":{"rendered":"<p>Alfred har s\u00e5 sm\u00e5tt b\u00f6rjat k\u00e4ka vanlig mat, n\u00e5gon liten portion d\u00e5 och d\u00e5. \u00c4r fast besluten att han ska f\u00e5 nyttig och hemlagad mat, hoppas verkligen att jag inte kommer tumma p\u00e5 det mer \u00e4n i undantagsfall. N\u00e5v\u00e4l, ett &hellip; <a href=\"http:\/\/karin.stampis.com\/blog\/?p=15467\">Continue reading <span class=\"meta-nav\">&rarr;<\/span><\/a><\/p>\n","protected":false},"author":1,"featured_media":0,"comment_status":"open","ping_status":"open","sticky":false,"template":"","format":"standard","meta":{"footnotes":""},"categories":[328,322,345],"tags":[],"class_list":["post-15467","post","type-post","status-publish","format-standard","hentry","category-328","category-alfred","category-april-2013"],"_links":{"self":[{"href":"http:\/\/karin.stampis.com\/blog\/index.php?rest_route=\/wp\/v2\/posts\/15467","targetHints":{"allow":["GET"]}}],"collection":[{"href":"http:\/\/karin.stampis.com\/blog\/index.php?rest_route=\/wp\/v2\/posts"}],"about":[{"href":"http:\/\/karin.stampis.com\/blog\/index.php?rest_route=\/wp\/v2\/types\/post"}],"author":[{"embeddable":true,"href":"http:\/\/karin.stampis.com\/blog\/index.php?rest_route=\/wp\/v2\/users\/1"}],"replies":[{"embeddable":true,"href":"http:\/\/karin.stampis.com\/blog\/index.php?rest_route=%2Fwp%2Fv2%2Fcomments&post=15467"}],"version-history":[{"count":7,"href":"http:\/\/karin.stampis.com\/blog\/index.php?rest_route=\/wp\/v2\/posts\/15467\/revisions"}],"predecessor-version":[{"id":15481,"href":"http:\/\/karin.stampis.com\/blog\/index.php?rest_route=\/wp\/v2\/posts\/15467\/revisions\/15481"}],"wp:attachment":[{"href":"http:\/\/karin.stampis.com\/blog\/index.php?rest_route=%2Fwp%2Fv2%2Fmedia&parent=15467"}],"wp:term":[{"taxonomy":"category","embeddable":true,"href":"http:\/\/karin.stampis.com\/blog\/index.php?rest_route=%2Fwp%2Fv2%2Fcategories&post=15467"},{"taxonomy":"post_tag","embeddable":true,"href":"http:\/\/karin.stampis.com\/blog\/index.php?rest_route=%2Fwp%2Fv2%2Ftags&post=15467"}],"curies":[{"name":"wp","href":"https:\/\/api.w.org\/{rel}","templated":true}]}}