{"id":15496,"date":"2013-04-11T00:15:16","date_gmt":"2013-04-10T23:15:16","guid":{"rendered":"http:\/\/karin.stampis.com\/blog\/?p=15496"},"modified":"2013-04-10T21:16:57","modified_gmt":"2013-04-10T20:16:57","slug":"dagens-metafor","status":"publish","type":"post","link":"http:\/\/karin.stampis.com\/blog\/?p=15496","title":{"rendered":"Dagens metafor"},"content":{"rendered":"<p>Soporna ska t\u00f6mmas p\u00e5 m\u00e5ndagar och s\u00e5 h\u00e4r ser soprummet ut p\u00e5 en onsdagskv\u00e4ll :p\u00a0 &#8211; tyv\u00e4rr ingen ovanlig syn.<\/p>\n<p>Soporna har vuxit ur soprummet och jag k\u00e4nner att jag har vuxit ur detta boende :p . Fin metafor att j\u00e4mf\u00f6ra sig sj\u00e4lv med sopor, eller hur :p .<\/p>\n<p>&nbsp;<\/p>\n<p><a href=\"http:\/\/karin.stampis.com\/blog\/wp-content\/uploads\/2013\/04\/IMG_8685.jpg\"><img loading=\"lazy\" decoding=\"async\" class=\"aligncenter size-full wp-image-15497\" alt=\"IMG_8685\" src=\"http:\/\/karin.stampis.com\/blog\/wp-content\/uploads\/2013\/04\/IMG_8685.jpg\" width=\"450\" height=\"600\" srcset=\"http:\/\/karin.stampis.com\/blog\/wp-content\/uploads\/2013\/04\/IMG_8685.jpg 450w, http:\/\/karin.stampis.com\/blog\/wp-content\/uploads\/2013\/04\/IMG_8685-270x360.jpg 270w\" sizes=\"auto, (max-width: 450px) 100vw, 450px\" \/><\/a> <a href=\"http:\/\/karin.stampis.com\/blog\/wp-content\/uploads\/2013\/04\/IMG_8687.jpg\"><img loading=\"lazy\" decoding=\"async\" class=\"aligncenter size-large wp-image-15498\" alt=\"IMG_8687\" src=\"http:\/\/karin.stampis.com\/blog\/wp-content\/uploads\/2013\/04\/IMG_8687.jpg\" width=\"600\" height=\"450\" srcset=\"http:\/\/karin.stampis.com\/blog\/wp-content\/uploads\/2013\/04\/IMG_8687.jpg 600w, http:\/\/karin.stampis.com\/blog\/wp-content\/uploads\/2013\/04\/IMG_8687-360x270.jpg 360w\" sizes=\"auto, (max-width: 600px) 100vw, 600px\" \/><\/a><\/p>\n","protected":false},"excerpt":{"rendered":"<p>Soporna ska t\u00f6mmas p\u00e5 m\u00e5ndagar och s\u00e5 h\u00e4r ser soprummet ut p\u00e5 en onsdagskv\u00e4ll :p\u00a0 &#8211; tyv\u00e4rr ingen ovanlig syn. Soporna har vuxit ur soprummet och jag k\u00e4nner att jag har vuxit ur detta boende :p . Fin metafor att &hellip; <a href=\"http:\/\/karin.stampis.com\/blog\/?p=15496\">Continue reading <span class=\"meta-nav\">&rarr;<\/span><\/a><\/p>\n","protected":false},"author":1,"featured_media":0,"comment_status":"open","ping_status":"open","sticky":false,"template":"","format":"standard","meta":{"footnotes":""},"categories":[328,345],"tags":[],"class_list":["post-15496","post","type-post","status-publish","format-standard","hentry","category-328","category-april-2013"],"_links":{"self":[{"href":"http:\/\/karin.stampis.com\/blog\/index.php?rest_route=\/wp\/v2\/posts\/15496","targetHints":{"allow":["GET"]}}],"collection":[{"href":"http:\/\/karin.stampis.com\/blog\/index.php?rest_route=\/wp\/v2\/posts"}],"about":[{"href":"http:\/\/karin.stampis.com\/blog\/index.php?rest_route=\/wp\/v2\/types\/post"}],"author":[{"embeddable":true,"href":"http:\/\/karin.stampis.com\/blog\/index.php?rest_route=\/wp\/v2\/users\/1"}],"replies":[{"embeddable":true,"href":"http:\/\/karin.stampis.com\/blog\/index.php?rest_route=%2Fwp%2Fv2%2Fcomments&post=15496"}],"version-history":[{"count":10,"href":"http:\/\/karin.stampis.com\/blog\/index.php?rest_route=\/wp\/v2\/posts\/15496\/revisions"}],"predecessor-version":[{"id":15506,"href":"http:\/\/karin.stampis.com\/blog\/index.php?rest_route=\/wp\/v2\/posts\/15496\/revisions\/15506"}],"wp:attachment":[{"href":"http:\/\/karin.stampis.com\/blog\/index.php?rest_route=%2Fwp%2Fv2%2Fmedia&parent=15496"}],"wp:term":[{"taxonomy":"category","embeddable":true,"href":"http:\/\/karin.stampis.com\/blog\/index.php?rest_route=%2Fwp%2Fv2%2Fcategories&post=15496"},{"taxonomy":"post_tag","embeddable":true,"href":"http:\/\/karin.stampis.com\/blog\/index.php?rest_route=%2Fwp%2Fv2%2Ftags&post=15496"}],"curies":[{"name":"wp","href":"https:\/\/api.w.org\/{rel}","templated":true}]}}