{"id":15533,"date":"2013-04-13T10:50:38","date_gmt":"2013-04-13T09:50:38","guid":{"rendered":"http:\/\/karin.stampis.com\/blog\/?p=15533"},"modified":"2013-04-13T10:50:38","modified_gmt":"2013-04-13T09:50:38","slug":"sittvagnspremiar","status":"publish","type":"post","link":"http:\/\/karin.stampis.com\/blog\/?p=15533","title":{"rendered":"Sittvagnspremi\u00e4r"},"content":{"rendered":"<p>S\u00e5 var det dags f\u00f6r sittvagnspremi\u00e4r. Alfred har n\u00e4stan blivit f\u00f6r l\u00e5ng f\u00f6r liggvagnen nu, men i sittvagnen ser han pytteliten ut.<\/p>\n<p>Vi gick en liten runda i stan d\u00e4r det har kommit upp en massa sm\u00e5 bodar med mat fr\u00e5n olika l\u00e4nder. Inhandlade mat p\u00e5 lite olika st\u00e4llen till en trer\u00e4tters f\u00f6r fredagskv\u00e4llen (ost, paella, apfel\/b\u00e4r-strudel). Han tyckte det var v\u00e4ldigt sp\u00e4nnande och tittade runt med stora \u00f6gon &#8211; mycket intryck, f\u00e4rger och dofter.<\/p>\n<p><a href=\"http:\/\/karin.stampis.com\/blog\/wp-content\/uploads\/2013\/04\/DSC_0099.jpg\"><img loading=\"lazy\" decoding=\"async\" class=\"aligncenter size-full wp-image-15534\" alt=\"DSC_0099\" src=\"http:\/\/karin.stampis.com\/blog\/wp-content\/uploads\/2013\/04\/DSC_0099.jpg\" width=\"592\" height=\"444\" srcset=\"http:\/\/karin.stampis.com\/blog\/wp-content\/uploads\/2013\/04\/DSC_0099.jpg 592w, http:\/\/karin.stampis.com\/blog\/wp-content\/uploads\/2013\/04\/DSC_0099-360x270.jpg 360w\" sizes=\"auto, (max-width: 592px) 100vw, 592px\" \/><\/a> <a href=\"http:\/\/karin.stampis.com\/blog\/wp-content\/uploads\/2013\/04\/DSC_01031.jpg\"><img loading=\"lazy\" decoding=\"async\" class=\"aligncenter size-large wp-image-15536\" alt=\"DSC_0103\" src=\"http:\/\/karin.stampis.com\/blog\/wp-content\/uploads\/2013\/04\/DSC_01031.jpg\" width=\"592\" height=\"444\" srcset=\"http:\/\/karin.stampis.com\/blog\/wp-content\/uploads\/2013\/04\/DSC_01031.jpg 592w, http:\/\/karin.stampis.com\/blog\/wp-content\/uploads\/2013\/04\/DSC_01031-360x270.jpg 360w\" sizes=\"auto, (max-width: 592px) 100vw, 592px\" \/><\/a><\/p>\n","protected":false},"excerpt":{"rendered":"<p>S\u00e5 var det dags f\u00f6r sittvagnspremi\u00e4r. Alfred har n\u00e4stan blivit f\u00f6r l\u00e5ng f\u00f6r liggvagnen nu, men i sittvagnen ser han pytteliten ut. Vi gick en liten runda i stan d\u00e4r det har kommit upp en massa sm\u00e5 bodar med mat &hellip; <a href=\"http:\/\/karin.stampis.com\/blog\/?p=15533\">Continue reading <span class=\"meta-nav\">&rarr;<\/span><\/a><\/p>\n","protected":false},"author":1,"featured_media":0,"comment_status":"open","ping_status":"open","sticky":false,"template":"","format":"standard","meta":{"footnotes":""},"categories":[328,322,345],"tags":[],"class_list":["post-15533","post","type-post","status-publish","format-standard","hentry","category-328","category-alfred","category-april-2013"],"_links":{"self":[{"href":"http:\/\/karin.stampis.com\/blog\/index.php?rest_route=\/wp\/v2\/posts\/15533","targetHints":{"allow":["GET"]}}],"collection":[{"href":"http:\/\/karin.stampis.com\/blog\/index.php?rest_route=\/wp\/v2\/posts"}],"about":[{"href":"http:\/\/karin.stampis.com\/blog\/index.php?rest_route=\/wp\/v2\/types\/post"}],"author":[{"embeddable":true,"href":"http:\/\/karin.stampis.com\/blog\/index.php?rest_route=\/wp\/v2\/users\/1"}],"replies":[{"embeddable":true,"href":"http:\/\/karin.stampis.com\/blog\/index.php?rest_route=%2Fwp%2Fv2%2Fcomments&post=15533"}],"version-history":[{"count":2,"href":"http:\/\/karin.stampis.com\/blog\/index.php?rest_route=\/wp\/v2\/posts\/15533\/revisions"}],"predecessor-version":[{"id":15538,"href":"http:\/\/karin.stampis.com\/blog\/index.php?rest_route=\/wp\/v2\/posts\/15533\/revisions\/15538"}],"wp:attachment":[{"href":"http:\/\/karin.stampis.com\/blog\/index.php?rest_route=%2Fwp%2Fv2%2Fmedia&parent=15533"}],"wp:term":[{"taxonomy":"category","embeddable":true,"href":"http:\/\/karin.stampis.com\/blog\/index.php?rest_route=%2Fwp%2Fv2%2Fcategories&post=15533"},{"taxonomy":"post_tag","embeddable":true,"href":"http:\/\/karin.stampis.com\/blog\/index.php?rest_route=%2Fwp%2Fv2%2Ftags&post=15533"}],"curies":[{"name":"wp","href":"https:\/\/api.w.org\/{rel}","templated":true}]}}