{"id":15591,"date":"2013-04-21T01:13:25","date_gmt":"2013-04-21T00:13:25","guid":{"rendered":"http:\/\/karin.stampis.com\/blog\/?p=15591"},"modified":"2013-04-21T06:01:18","modified_gmt":"2013-04-21T05:01:18","slug":"ute-i-solen","status":"publish","type":"post","link":"http:\/\/karin.stampis.com\/blog\/?p=15591","title":{"rendered":"Ute i solen"},"content":{"rendered":"<p>Det var trevligt med en solig helg, och g\u00f6tt att \u00e5terigen ha en normal relation till solen &#8211; d\u00e5 jag var gravid s\u00e5 var solen pesten sj\u00e4lv :p.<\/p>\n<p>Eftersom Alfred \u00e4r f\u00f6dd i oktober s\u00e5 har han inte sett s\u00e5 mycket stark sol, och han tycker verkligen inte om att f\u00e5 sol i \u00f6gonen. I helgen fick han komma ut en sv\u00e4ng ur barnvagnen och leka lite i v\u00e5rsolen. Det tyckte han var skoj \ud83d\ude42 .<\/p>\n<p><a href=\"http:\/\/karin.stampis.com\/blog\/wp-content\/uploads\/2013\/04\/DSC_0130.jpg\"><img loading=\"lazy\" decoding=\"async\" class=\"aligncenter size-full wp-image-15592\" alt=\"DSC_0130\" src=\"http:\/\/karin.stampis.com\/blog\/wp-content\/uploads\/2013\/04\/DSC_0130.jpg\" width=\"600\" height=\"444\" srcset=\"http:\/\/karin.stampis.com\/blog\/wp-content\/uploads\/2013\/04\/DSC_0130.jpg 600w, http:\/\/karin.stampis.com\/blog\/wp-content\/uploads\/2013\/04\/DSC_0130-360x266.jpg 360w\" sizes=\"auto, (max-width: 600px) 100vw, 600px\" \/><\/a> <a href=\"http:\/\/karin.stampis.com\/blog\/wp-content\/uploads\/2013\/04\/DSC_0134.jpg\"><img loading=\"lazy\" decoding=\"async\" class=\"aligncenter size-large wp-image-15593\" alt=\"DSC_0134\" src=\"http:\/\/karin.stampis.com\/blog\/wp-content\/uploads\/2013\/04\/DSC_0134.jpg\" width=\"600\" height=\"434\" srcset=\"http:\/\/karin.stampis.com\/blog\/wp-content\/uploads\/2013\/04\/DSC_0134.jpg 600w, http:\/\/karin.stampis.com\/blog\/wp-content\/uploads\/2013\/04\/DSC_0134-360x260.jpg 360w\" sizes=\"auto, (max-width: 600px) 100vw, 600px\" \/><\/a><\/p>\n<p>Sen var han t\u00f6rstig, och det visade sig att han inte hade n\u00e5gra problem att dricka ur min flaska. Han har annars b\u00f6rjat trilskas med att dricka ur nappflaska, men om han v\u00e4l beh\u00f6ver s\u00e5 kan han tydligen dricka ur flaska, \u00e4ven vuxenvarianten :p<\/p>\n<p><a href=\"http:\/\/karin.stampis.com\/blog\/wp-content\/uploads\/2013\/04\/DSC_0157-4.jpg\"><img loading=\"lazy\" decoding=\"async\" class=\"aligncenter size-full wp-image-15619\" alt=\"DSC_0157-4\" src=\"http:\/\/karin.stampis.com\/blog\/wp-content\/uploads\/2013\/04\/DSC_0157-4.jpg\" width=\"409\" height=\"412\" srcset=\"http:\/\/karin.stampis.com\/blog\/wp-content\/uploads\/2013\/04\/DSC_0157-4.jpg 409w, http:\/\/karin.stampis.com\/blog\/wp-content\/uploads\/2013\/04\/DSC_0157-4-150x150.jpg 150w, http:\/\/karin.stampis.com\/blog\/wp-content\/uploads\/2013\/04\/DSC_0157-4-357x360.jpg 357w\" sizes=\"auto, (max-width: 409px) 100vw, 409px\" \/><\/a><\/p>\n<p>Men enligt honom var dagens h\u00f6jdpunkt s\u00e4kerligen att han blev buren runt d\u00e5 vi handlade p\u00e5 ICA Maxi. Vanligtvis sover han som en stock i barnvagnen, men inte just d\u00e5 s\u00e5 d\u00e5 kunde han f\u00e5 sig en tur. Han kollade med stora \u00f6gon och skulle k\u00e4nna p\u00e5 allt vi plockade upp och var allm\u00e4nt exalterad. Ibland \u00e4r det l\u00e4tt att roa sm\u00e5barn :p.<\/p>\n<p><a href=\"http:\/\/karin.stampis.com\/blog\/wp-content\/uploads\/2013\/04\/DSC_0134-2.jpg\"><img loading=\"lazy\" decoding=\"async\" class=\"aligncenter size-full wp-image-15611\" alt=\"DSC_0134-2\" src=\"http:\/\/karin.stampis.com\/blog\/wp-content\/uploads\/2013\/04\/DSC_0134-2.jpg\" width=\"592\" height=\"444\" srcset=\"http:\/\/karin.stampis.com\/blog\/wp-content\/uploads\/2013\/04\/DSC_0134-2.jpg 592w, http:\/\/karin.stampis.com\/blog\/wp-content\/uploads\/2013\/04\/DSC_0134-2-360x270.jpg 360w\" sizes=\"auto, (max-width: 592px) 100vw, 592px\" \/><\/a><\/p>\n","protected":false},"excerpt":{"rendered":"<p>Det var trevligt med en solig helg, och g\u00f6tt att \u00e5terigen ha en normal relation till solen &#8211; d\u00e5 jag var gravid s\u00e5 var solen pesten sj\u00e4lv :p. Eftersom Alfred \u00e4r f\u00f6dd i oktober s\u00e5 har han inte sett s\u00e5 &hellip; <a href=\"http:\/\/karin.stampis.com\/blog\/?p=15591\">Continue reading <span class=\"meta-nav\">&rarr;<\/span><\/a><\/p>\n","protected":false},"author":1,"featured_media":0,"comment_status":"open","ping_status":"open","sticky":false,"template":"","format":"standard","meta":{"footnotes":""},"categories":[328,322,345],"tags":[],"class_list":["post-15591","post","type-post","status-publish","format-standard","hentry","category-328","category-alfred","category-april-2013"],"_links":{"self":[{"href":"http:\/\/karin.stampis.com\/blog\/index.php?rest_route=\/wp\/v2\/posts\/15591","targetHints":{"allow":["GET"]}}],"collection":[{"href":"http:\/\/karin.stampis.com\/blog\/index.php?rest_route=\/wp\/v2\/posts"}],"about":[{"href":"http:\/\/karin.stampis.com\/blog\/index.php?rest_route=\/wp\/v2\/types\/post"}],"author":[{"embeddable":true,"href":"http:\/\/karin.stampis.com\/blog\/index.php?rest_route=\/wp\/v2\/users\/1"}],"replies":[{"embeddable":true,"href":"http:\/\/karin.stampis.com\/blog\/index.php?rest_route=%2Fwp%2Fv2%2Fcomments&post=15591"}],"version-history":[{"count":13,"href":"http:\/\/karin.stampis.com\/blog\/index.php?rest_route=\/wp\/v2\/posts\/15591\/revisions"}],"predecessor-version":[{"id":15617,"href":"http:\/\/karin.stampis.com\/blog\/index.php?rest_route=\/wp\/v2\/posts\/15591\/revisions\/15617"}],"wp:attachment":[{"href":"http:\/\/karin.stampis.com\/blog\/index.php?rest_route=%2Fwp%2Fv2%2Fmedia&parent=15591"}],"wp:term":[{"taxonomy":"category","embeddable":true,"href":"http:\/\/karin.stampis.com\/blog\/index.php?rest_route=%2Fwp%2Fv2%2Fcategories&post=15591"},{"taxonomy":"post_tag","embeddable":true,"href":"http:\/\/karin.stampis.com\/blog\/index.php?rest_route=%2Fwp%2Fv2%2Ftags&post=15591"}],"curies":[{"name":"wp","href":"https:\/\/api.w.org\/{rel}","templated":true}]}}