{"id":15636,"date":"2013-04-23T01:18:24","date_gmt":"2013-04-23T00:18:24","guid":{"rendered":"http:\/\/karin.stampis.com\/blog\/?p=15636"},"modified":"2017-01-14T20:51:13","modified_gmt":"2017-01-14T19:51:13","slug":"alfred-sex-manader","status":"publish","type":"post","link":"http:\/\/karin.stampis.com\/blog\/?p=15636","title":{"rendered":"Alfred sex m\u00e5nader"},"content":{"rendered":"<p>Idag blir Alfred halv\u00e5ret gammal, arrr vad tiden g\u00e5r snabbt!<\/p>\n<p><a href=\"http:\/\/karin.stampis.com\/blog\/wp-content\/uploads\/2013\/04\/IMG_8708.jpg\"><img loading=\"lazy\" decoding=\"async\" class=\"aligncenter\" src=\"http:\/\/karin.stampis.com\/blog\/wp-content\/uploads\/2013\/04\/IMG_8708.jpg\" alt=\"IMG_8708\" width=\"600\" height=\"523\" \/><\/a><\/p>\n<p style=\"text-align: center;\"><em>Halv\u00e5ringen<\/em><\/p>\n<p>Han l\u00e4gger inte p\u00e5 sig mycket i vikt nuf\u00f6rtiden (han \u00e4r v\u00e4l n\u00e4stan nere p\u00e5 medelvikt bland bebisar nu skulle jag tro), men jag tror att han v\u00e4xer p\u00e5 r\u00e4tt bra p\u00e5 l\u00e4ngden.<\/p>\n<p><a href=\"http:\/\/karin.stampis.com\/blog\/wp-content\/uploads\/2013\/04\/DSC_0122.jpg\"><img loading=\"lazy\" decoding=\"async\" class=\"aligncenter\" src=\"http:\/\/karin.stampis.com\/blog\/wp-content\/uploads\/2013\/04\/DSC_0122.jpg\" alt=\"DSC_0122\" width=\"600\" height=\"338\" \/><\/a><\/p>\n<p style=\"text-align: center;\"><em>Lite l\u00e5ng f\u00f6r liggvagnen, foten sticker ut&#8230;<\/em><\/p>\n<p>Han \u00e4r v\u00e4ldigt motorisk s\u00e5 han br\u00e4nner nog en hel del energi. Ofta s\u00e5 vill han krypa och \u00e4ta samtidigt, varf\u00f6r sl\u00f6sa tid p\u00e5 att ligga still? Men ibland kan han vara lugn och vila i mitt kn\u00e4.<\/p>\n<p><a href=\"http:\/\/karin.stampis.com\/blog\/wp-content\/uploads\/2013\/04\/DSC_0105.jpg\"><img loading=\"lazy\" decoding=\"async\" class=\"aligncenter size-full wp-image-15513\" src=\"http:\/\/karin.stampis.com\/blog\/wp-content\/uploads\/2013\/04\/DSC_0105.jpg\" alt=\"DSC_0105\" width=\"600\" height=\"401\" srcset=\"http:\/\/karin.stampis.com\/blog\/wp-content\/uploads\/2013\/04\/DSC_0105.jpg 600w, http:\/\/karin.stampis.com\/blog\/wp-content\/uploads\/2013\/04\/DSC_0105-360x240.jpg 360w\" sizes=\"auto, (max-width: 600px) 100vw, 600px\" \/><\/a><\/p>\n<p>Han kan krypa\/\u00e5la n\u00e5gra meter.<\/p>\n<p><a href=\"http:\/\/karin.stampis.com\/blog\/wp-content\/uploads\/2013\/04\/DSC_01901.jpg\"><img loading=\"lazy\" decoding=\"async\" class=\"aligncenter size-full wp-image-15645\" src=\"http:\/\/karin.stampis.com\/blog\/wp-content\/uploads\/2013\/04\/DSC_01901.jpg\" alt=\"DSC_0190\" width=\"600\" height=\"484\" srcset=\"http:\/\/karin.stampis.com\/blog\/wp-content\/uploads\/2013\/04\/DSC_01901.jpg 600w, http:\/\/karin.stampis.com\/blog\/wp-content\/uploads\/2013\/04\/DSC_01901-360x290.jpg 360w\" sizes=\"auto, (max-width: 600px) 100vw, 600px\" \/><\/a><\/p>\n<p>Fortfarande ser man en viss frustration d\u00e5 han inte kan krypa s\u00e5 bra som han vill, men annars \u00e4r han oftast en glad kille. Ibland kan han vara helt vansinnigt glad och asgarva \u00e5t allt. Annars kan man alltid kittla honom om man vill se skratt, han \u00e4r v\u00e4ldigt kittlig.<\/p>\n<p><a href=\"http:\/\/karin.stampis.com\/blog\/wp-content\/uploads\/2013\/04\/DSC_0193.jpg\"><img loading=\"lazy\" decoding=\"async\" class=\"aligncenter size-full wp-image-15639\" src=\"http:\/\/karin.stampis.com\/blog\/wp-content\/uploads\/2013\/04\/DSC_0193.jpg\" alt=\"DSC_0193\" width=\"600\" height=\"407\" srcset=\"http:\/\/karin.stampis.com\/blog\/wp-content\/uploads\/2013\/04\/DSC_0193.jpg 600w, http:\/\/karin.stampis.com\/blog\/wp-content\/uploads\/2013\/04\/DSC_0193-360x244.jpg 360w\" sizes=\"auto, (max-width: 600px) 100vw, 600px\" \/><\/a><\/p>\n<p>Han \u00e4r dock inte riktigt lika easygoing med mat och s\u00f6mn som han var i b\u00f6rjan, vilket stressar mig lite grann eftersom jag snart ska b\u00f6rja jobba. Men det kan ju h\u00e4nda s\u00e5 mycket p\u00e5 en bebism\u00e5nad, s\u00e5 det l\u00f6ser sig nog. Innan var han j\u00e4ttef\u00f6rtjust i att smaka p\u00e5 mat, och drack l\u00e4tt ur nappflaskan. Nu \u00e4r han inte lika road &#8211; det ska vara mj\u00f6lk och det ska komma direkt fr\u00e5n ursprungsk\u00e4llan. Men majskrokar funkar bra det med.<\/p>\n<p><a href=\"http:\/\/karin.stampis.com\/blog\/wp-content\/uploads\/2013\/04\/MG_6235.jpg\"><img loading=\"lazy\" decoding=\"async\" class=\"aligncenter\" src=\"http:\/\/karin.stampis.com\/blog\/wp-content\/uploads\/2013\/04\/MG_6235.jpg\" alt=\"_MG_6235\" width=\"600\" height=\"419\" \/><\/a><\/p>\n<p style=\"text-align: center;\"><em>Alfred i mat-tagen<\/em><\/p>\n<p>S\u00f6mnen g\u00e5r \u00e4ven den lite s\u00e5d\u00e4r eftersom han alltid ska r\u00f6ra p\u00e5 sig, \u00e4ven d\u00e5 han sover, och oftast vaknar han av det. \u00c4ven d\u00e5 han ligger och sover ser han ut som att han f\u00f6rbereder sig p\u00e5 att krypa. Han \u00e4r fortfarande uppe betydligt l\u00e4ngre \u00e4n sm\u00e5 bebisar ska f\u00e5 vara, trots ih\u00e4rdiga nattnings-f\u00f6rs\u00f6k och trots att han \u00e4r tr\u00f6tt s\u00e5 SKA han vara uppe.<\/p>\n<p>Sen s\u00e5 ska han k\u00e4nna och bita p\u00e5 allt. Favoriten \u00e4r kataloger som vi har en hel del hemma just nu, han blir helt manisk och jagar efter dom f\u00f6r att f\u00e5 \u00e4ta p\u00e5 dom. Fortfarande ingen tand dock.<\/p>\n<p><a href=\"http:\/\/karin.stampis.com\/blog\/wp-content\/uploads\/2013\/04\/MG_6245.jpg\"><img loading=\"lazy\" decoding=\"async\" class=\"aligncenter size-full wp-image-15651\" src=\"http:\/\/karin.stampis.com\/blog\/wp-content\/uploads\/2013\/04\/MG_6245.jpg\" alt=\"_MG_6245\" width=\"469\" height=\"600\" srcset=\"http:\/\/karin.stampis.com\/blog\/wp-content\/uploads\/2013\/04\/MG_6245.jpg 469w, http:\/\/karin.stampis.com\/blog\/wp-content\/uploads\/2013\/04\/MG_6245-281x360.jpg 281w\" sizes=\"auto, (max-width: 469px) 100vw, 469px\" \/><\/a><\/p>\n<p>&nbsp;<\/p>\n<p>&nbsp;<\/p>\n<p>&nbsp;<\/p>\n","protected":false},"excerpt":{"rendered":"<p>Idag blir Alfred halv\u00e5ret gammal, arrr vad tiden g\u00e5r snabbt! Halv\u00e5ringen Han l\u00e4gger inte p\u00e5 sig mycket i vikt nuf\u00f6rtiden (han \u00e4r v\u00e4l n\u00e4stan nere p\u00e5 medelvikt bland bebisar nu skulle jag tro), men jag tror att han v\u00e4xer p\u00e5 &hellip; <a href=\"http:\/\/karin.stampis.com\/blog\/?p=15636\">Continue reading <span class=\"meta-nav\">&rarr;<\/span><\/a><\/p>\n","protected":false},"author":1,"featured_media":0,"comment_status":"open","ping_status":"open","sticky":false,"template":"","format":"standard","meta":{"footnotes":""},"categories":[328,322,330,345],"tags":[],"class_list":["post-15636","post","type-post","status-publish","format-standard","hentry","category-328","category-alfred","category-fyller-manad","category-april-2013"],"_links":{"self":[{"href":"http:\/\/karin.stampis.com\/blog\/index.php?rest_route=\/wp\/v2\/posts\/15636","targetHints":{"allow":["GET"]}}],"collection":[{"href":"http:\/\/karin.stampis.com\/blog\/index.php?rest_route=\/wp\/v2\/posts"}],"about":[{"href":"http:\/\/karin.stampis.com\/blog\/index.php?rest_route=\/wp\/v2\/types\/post"}],"author":[{"embeddable":true,"href":"http:\/\/karin.stampis.com\/blog\/index.php?rest_route=\/wp\/v2\/users\/1"}],"replies":[{"embeddable":true,"href":"http:\/\/karin.stampis.com\/blog\/index.php?rest_route=%2Fwp%2Fv2%2Fcomments&post=15636"}],"version-history":[{"count":10,"href":"http:\/\/karin.stampis.com\/blog\/index.php?rest_route=\/wp\/v2\/posts\/15636\/revisions"}],"predecessor-version":[{"id":21452,"href":"http:\/\/karin.stampis.com\/blog\/index.php?rest_route=\/wp\/v2\/posts\/15636\/revisions\/21452"}],"wp:attachment":[{"href":"http:\/\/karin.stampis.com\/blog\/index.php?rest_route=%2Fwp%2Fv2%2Fmedia&parent=15636"}],"wp:term":[{"taxonomy":"category","embeddable":true,"href":"http:\/\/karin.stampis.com\/blog\/index.php?rest_route=%2Fwp%2Fv2%2Fcategories&post=15636"},{"taxonomy":"post_tag","embeddable":true,"href":"http:\/\/karin.stampis.com\/blog\/index.php?rest_route=%2Fwp%2Fv2%2Ftags&post=15636"}],"curies":[{"name":"wp","href":"https:\/\/api.w.org\/{rel}","templated":true}]}}