{"id":15843,"date":"2013-05-23T01:32:23","date_gmt":"2013-05-23T00:32:23","guid":{"rendered":"http:\/\/karin.stampis.com\/blog\/?p=15843"},"modified":"2013-05-22T20:32:38","modified_gmt":"2013-05-22T19:32:38","slug":"alfred-7-manader","status":"publish","type":"post","link":"http:\/\/karin.stampis.com\/blog\/?p=15843","title":{"rendered":"Alfred 7 m\u00e5nader"},"content":{"rendered":"<p>Idag blir Alfred 7 m\u00e5nader. Tycker att det blir kortare och kortare tid mellan m\u00e5nads-dagarna, ska inte alla m\u00e5nader vara runt 30 dagar?<\/p>\n<p>N\u00e5v\u00e4l, mycket h\u00e4nder runt den h\u00e4r \u00e5ldern. Jag kan inte sitta p\u00e5 h\u00e4cken och sl\u00f6a om man s\u00e4ger s\u00e5.<\/p>\n<p>Om motoriken: Han beh\u00e4rskar krypandet helt ok just nu, \u00e4ven om tekniken ser lite lustig ut. Men nu \u00e4r det mer intressant att st\u00e5 upp ist\u00e4llet f\u00f6r att krypa, och han g\u00f6r f\u00f6rs\u00f6k att dra sig upp i diverse m\u00f6bler. Det roligaste som finns \u00e4r att bli h\u00e5llen i armarna s\u00e5 att han kan st\u00e5 upp &#8211; han kan st\u00e5 upp ett bra tag. Att g\u00e5 runt med st\u00f6d \u00e4r ocks\u00e5 superskoj. Han r\u00f6r sig konstant och tuggar och petar p\u00e5 allt han kommer \u00e5t. B\u00e4sta leksaken \u00e4r en gammal tr\u00e4slev, mer komplicerat beh\u00f6ver det inte vara. T\u00e4tt f\u00f6ljd av bebistandborsten (hoppas han gillar den sen d\u00e5 han f\u00e5r t\u00e4nder ocks\u00e5) och kossan.<\/p>\n<p><a href=\"http:\/\/karin.stampis.com\/blog\/wp-content\/uploads\/2013\/05\/IMG_8867.jpg\"><img loading=\"lazy\" decoding=\"async\" class=\"aligncenter size-medium wp-image-15960\" alt=\"IMG_8867\" src=\"http:\/\/karin.stampis.com\/blog\/wp-content\/uploads\/2013\/05\/IMG_8867-244x360.jpg\" width=\"244\" height=\"360\" srcset=\"http:\/\/karin.stampis.com\/blog\/wp-content\/uploads\/2013\/05\/IMG_8867-244x360.jpg 244w, http:\/\/karin.stampis.com\/blog\/wp-content\/uploads\/2013\/05\/IMG_8867-694x1024.jpg 694w, http:\/\/karin.stampis.com\/blog\/wp-content\/uploads\/2013\/05\/IMG_8867.jpg 1886w\" sizes=\"auto, (max-width: 244px) 100vw, 244px\" \/><\/a><\/p>\n<p>&nbsp;<\/p>\n<p><a href=\"http:\/\/karin.stampis.com\/blog\/wp-content\/uploads\/2013\/05\/DSC_0279.jpg\"><img loading=\"lazy\" decoding=\"async\" class=\"aligncenter size-medium wp-image-15947\" alt=\"DSC_0279\" src=\"http:\/\/karin.stampis.com\/blog\/wp-content\/uploads\/2013\/05\/DSC_0279-360x270.jpg\" width=\"360\" height=\"270\" srcset=\"http:\/\/karin.stampis.com\/blog\/wp-content\/uploads\/2013\/05\/DSC_0279-360x270.jpg 360w, http:\/\/karin.stampis.com\/blog\/wp-content\/uploads\/2013\/05\/DSC_0279-1024x768.jpg 1024w\" sizes=\"auto, (max-width: 360px) 100vw, 360px\" \/><\/a><\/p>\n<p><em>Alfred f\u00f6rs\u00f6ker dra sig upp.<br \/>\n<\/em><\/p>\n<p>Om maten och tillv\u00e4xten: Han har blivit lite b\u00e4ttre p\u00e5 att smaka p\u00e5 allt som serveras, men det \u00e4r inga stora portioner och jag kan inte t\u00e4nka mig att energin han f\u00e5r fr\u00e5n mat \u00e4r st\u00f6rre \u00e4n den han g\u00f6r av med. Men han ammar ju en del p\u00e5 kv\u00e4llen\/natten, s\u00e5 det \u00e4r sv\u00e5rt att ber\u00e4kna energim\u00e4ngden han f\u00e5r i sig. Innan var han ju en riktigt stor bebis, men det k\u00e4nns det inte alls som om han \u00e4r l\u00e4ngre. Men han har fortfarande rej\u00e4la ben, fast konstigt vore det annars d\u00e5 b\u00e5de hans mor och far har detsamma. Leverpastej \u00e4r favoritmaten, \u00f6ht \u00e4r animalisk f\u00f6da mer popul\u00e4rt \u00e4n vegank\u00e4k. Gr\u00f6t och v\u00e4lling ratar han (f\u00f6rutom Otto-v\u00e4llingen, som han gillar. Exklusiv smak). Dricka vatten gillar han. Men roligast \u00e4r att leka med nappflaskan :p<\/p>\n<p>Om temperamentet: Han hatar att ligga p\u00e5 rygg och vill alltid v\u00e4nda sig till mage, vilket har gjort bl\u00f6jbytena r\u00e4tt mer komplicerade. Han \u00e4r j\u00e4kligt stark i sina v\u00e4ndningar och blir s\u00e5 arg d\u00e5 jag h\u00e5ller kvar honom p\u00e5 rygg. Han blir \u00e4ven arg d\u00e5 man kl\u00e4r p\u00e5 honom. Och han blir han skitf\u00f6rbannad p\u00e5 d\u00e5 man s\u00e4tter honom i sin tripp trapp stol, s\u00e5 det \u00e4r sitta i kn\u00e4et som g\u00e4ller d\u00e5 han ska matas. S\u00e5 det finns en del saker han blir arg f\u00f6r. R\u00e4dd har jag d\u00e4remot s\u00e4llan sett honom, det skulle vara d\u00e5 han trillar och sl\u00e5r sig, men d\u00e5 blir han nog mest ledsen. Glad \u00e4r han trots allt fortfarande ganska ofta, s\u00e4rskilt d\u00e5 han f\u00e5r st\u00e5 eller g\u00e5. En rolig syssels\u00e4ttning \u00e4r att bli buren av Jimmy och g\u00e5 efter mig d\u00e5 jag lagar mat i k\u00f6ket. D\u00e5 skrattar han en massa. Det har han \u00e4rvt fr\u00e5n far sin som ofta \u00e4r i v\u00e4gen d\u00e5 jag lagar mat, vi har ju s\u00e5 litet k\u00f6k.<\/p>\n<p>Om s\u00f6mnen: Vaknar runt halv 9. Har b\u00f6rjat sova lite l\u00e4ngre runt lunch (sk\u00f6nt!) och tar oftast en liten snooze under eftermiddagspromenaden. Sen \u00e4r han uppe och r\u00f6jer till klockan 11&#8230; Ett himla sj\u00e5 att f\u00e5 honom att nanna. Men n\u00e4r han slutligen somnat f\u00f6r natten sover han ganska ok \u00e4nd\u00e5.<\/p>\n<p><a href=\"http:\/\/karin.stampis.com\/blog\/wp-content\/uploads\/2013\/05\/IMG_20130503_215723.jpg\"><img loading=\"lazy\" decoding=\"async\" class=\"aligncenter size-medium wp-image-15962\" alt=\"IMG_20130503_215723\" src=\"http:\/\/karin.stampis.com\/blog\/wp-content\/uploads\/2013\/05\/IMG_20130503_215723-360x360.jpg\" width=\"360\" height=\"360\" srcset=\"http:\/\/karin.stampis.com\/blog\/wp-content\/uploads\/2013\/05\/IMG_20130503_215723-360x360.jpg 360w, http:\/\/karin.stampis.com\/blog\/wp-content\/uploads\/2013\/05\/IMG_20130503_215723-150x150.jpg 150w, http:\/\/karin.stampis.com\/blog\/wp-content\/uploads\/2013\/05\/IMG_20130503_215723-1024x1024.jpg 1024w\" sizes=\"auto, (max-width: 360px) 100vw, 360px\" \/><\/a><em>En nattsuddare<\/em><\/p>\n<p>Om talet: Han har b\u00f6rjat att l\u00e5ta en himla massa, typ av\u00e4v\u00e4v\u00e4v\u00e4v\u00e4.<\/p>\n<p>\u00d6vrigt: B\u00e4r-ryggs\u00e4cken gillar han.<\/p>\n<p><a href=\"http:\/\/karin.stampis.com\/blog\/wp-content\/uploads\/2013\/05\/DSC_0370.jpg\"><img loading=\"lazy\" decoding=\"async\" class=\"aligncenter size-medium wp-image-15961\" alt=\"DSC_0370\" src=\"http:\/\/karin.stampis.com\/blog\/wp-content\/uploads\/2013\/05\/DSC_0370-179x360.jpg\" width=\"179\" height=\"360\" srcset=\"http:\/\/karin.stampis.com\/blog\/wp-content\/uploads\/2013\/05\/DSC_0370-179x360.jpg 179w, http:\/\/karin.stampis.com\/blog\/wp-content\/uploads\/2013\/05\/DSC_0370-509x1024.jpg 509w, http:\/\/karin.stampis.com\/blog\/wp-content\/uploads\/2013\/05\/DSC_0370.jpg 1120w\" sizes=\"auto, (max-width: 179px) 100vw, 179px\" \/><\/a><\/p>\n<p>&nbsp;<\/p>\n<p>&nbsp;<\/p>\n<p>&nbsp;<\/p>\n<p>&nbsp;<\/p>\n","protected":false},"excerpt":{"rendered":"<p>Idag blir Alfred 7 m\u00e5nader. Tycker att det blir kortare och kortare tid mellan m\u00e5nads-dagarna, ska inte alla m\u00e5nader vara runt 30 dagar? N\u00e5v\u00e4l, mycket h\u00e4nder runt den h\u00e4r \u00e5ldern. Jag kan inte sitta p\u00e5 h\u00e4cken och sl\u00f6a om man &hellip; <a href=\"http:\/\/karin.stampis.com\/blog\/?p=15843\">Continue reading <span class=\"meta-nav\">&rarr;<\/span><\/a><\/p>\n","protected":false},"author":1,"featured_media":0,"comment_status":"open","ping_status":"open","sticky":false,"template":"","format":"standard","meta":{"footnotes":""},"categories":[328,322,330,346],"tags":[],"class_list":["post-15843","post","type-post","status-publish","format-standard","hentry","category-328","category-alfred","category-fyller-manad","category-maj-2013"],"_links":{"self":[{"href":"http:\/\/karin.stampis.com\/blog\/index.php?rest_route=\/wp\/v2\/posts\/15843","targetHints":{"allow":["GET"]}}],"collection":[{"href":"http:\/\/karin.stampis.com\/blog\/index.php?rest_route=\/wp\/v2\/posts"}],"about":[{"href":"http:\/\/karin.stampis.com\/blog\/index.php?rest_route=\/wp\/v2\/types\/post"}],"author":[{"embeddable":true,"href":"http:\/\/karin.stampis.com\/blog\/index.php?rest_route=\/wp\/v2\/users\/1"}],"replies":[{"embeddable":true,"href":"http:\/\/karin.stampis.com\/blog\/index.php?rest_route=%2Fwp%2Fv2%2Fcomments&post=15843"}],"version-history":[{"count":18,"href":"http:\/\/karin.stampis.com\/blog\/index.php?rest_route=\/wp\/v2\/posts\/15843\/revisions"}],"predecessor-version":[{"id":15971,"href":"http:\/\/karin.stampis.com\/blog\/index.php?rest_route=\/wp\/v2\/posts\/15843\/revisions\/15971"}],"wp:attachment":[{"href":"http:\/\/karin.stampis.com\/blog\/index.php?rest_route=%2Fwp%2Fv2%2Fmedia&parent=15843"}],"wp:term":[{"taxonomy":"category","embeddable":true,"href":"http:\/\/karin.stampis.com\/blog\/index.php?rest_route=%2Fwp%2Fv2%2Fcategories&post=15843"},{"taxonomy":"post_tag","embeddable":true,"href":"http:\/\/karin.stampis.com\/blog\/index.php?rest_route=%2Fwp%2Fv2%2Ftags&post=15843"}],"curies":[{"name":"wp","href":"https:\/\/api.w.org\/{rel}","templated":true}]}}