{"id":15972,"date":"2013-05-24T08:34:23","date_gmt":"2013-05-24T07:34:23","guid":{"rendered":"http:\/\/karin.stampis.com\/blog\/?p=15972"},"modified":"2013-05-24T08:39:05","modified_gmt":"2013-05-24T07:39:05","slug":"fredag-22","status":"publish","type":"post","link":"http:\/\/karin.stampis.com\/blog\/?p=15972","title":{"rendered":"Fredag"},"content":{"rendered":"<p>S\u00e5 var det dags f\u00f6r ett &#8220;Alfred-\u00e4r-glad-f\u00f6r-det-\u00e4r-fredag&#8221;-inl\u00e4gg.\u00a0 J\u00e4klar vad han har f\u00e5tt fart p\u00e5 b\u00e5de ben\/armar och r\u00f6sten (samt dreglandet&#8230;) de senaste dagarna, k\u00e4nns som han tagit ett stort utvecklingssteg nu.<\/p>\n<p>Hrm, just som jag skrev detta slog han sig sj\u00e4lv i huvudet med en tr\u00e4slev :p .<\/p>\n<p><a href=\"http:\/\/karin.stampis.com\/blog\/wp-content\/uploads\/2013\/05\/DSC_0271.jpg\"><img loading=\"lazy\" decoding=\"async\" class=\"aligncenter size-full wp-image-15973\" alt=\"DSC_0271\" src=\"http:\/\/karin.stampis.com\/blog\/wp-content\/uploads\/2013\/05\/DSC_0271.jpg\" width=\"600\" height=\"385\" srcset=\"http:\/\/karin.stampis.com\/blog\/wp-content\/uploads\/2013\/05\/DSC_0271.jpg 600w, http:\/\/karin.stampis.com\/blog\/wp-content\/uploads\/2013\/05\/DSC_0271-360x231.jpg 360w\" sizes=\"auto, (max-width: 600px) 100vw, 600px\" \/><\/a><\/p>\n","protected":false},"excerpt":{"rendered":"<p>S\u00e5 var det dags f\u00f6r ett &#8220;Alfred-\u00e4r-glad-f\u00f6r-det-\u00e4r-fredag&#8221;-inl\u00e4gg.\u00a0 J\u00e4klar vad han har f\u00e5tt fart p\u00e5 b\u00e5de ben\/armar och r\u00f6sten (samt dreglandet&#8230;) de senaste dagarna, k\u00e4nns som han tagit ett stort utvecklingssteg nu. Hrm, just som jag skrev detta slog han sig &hellip; <a href=\"http:\/\/karin.stampis.com\/blog\/?p=15972\">Continue reading <span class=\"meta-nav\">&rarr;<\/span><\/a><\/p>\n","protected":false},"author":1,"featured_media":0,"comment_status":"open","ping_status":"open","sticky":false,"template":"","format":"standard","meta":{"footnotes":""},"categories":[328,322,346],"tags":[],"class_list":["post-15972","post","type-post","status-publish","format-standard","hentry","category-328","category-alfred","category-maj-2013"],"_links":{"self":[{"href":"http:\/\/karin.stampis.com\/blog\/index.php?rest_route=\/wp\/v2\/posts\/15972","targetHints":{"allow":["GET"]}}],"collection":[{"href":"http:\/\/karin.stampis.com\/blog\/index.php?rest_route=\/wp\/v2\/posts"}],"about":[{"href":"http:\/\/karin.stampis.com\/blog\/index.php?rest_route=\/wp\/v2\/types\/post"}],"author":[{"embeddable":true,"href":"http:\/\/karin.stampis.com\/blog\/index.php?rest_route=\/wp\/v2\/users\/1"}],"replies":[{"embeddable":true,"href":"http:\/\/karin.stampis.com\/blog\/index.php?rest_route=%2Fwp%2Fv2%2Fcomments&post=15972"}],"version-history":[{"count":10,"href":"http:\/\/karin.stampis.com\/blog\/index.php?rest_route=\/wp\/v2\/posts\/15972\/revisions"}],"predecessor-version":[{"id":15983,"href":"http:\/\/karin.stampis.com\/blog\/index.php?rest_route=\/wp\/v2\/posts\/15972\/revisions\/15983"}],"wp:attachment":[{"href":"http:\/\/karin.stampis.com\/blog\/index.php?rest_route=%2Fwp%2Fv2%2Fmedia&parent=15972"}],"wp:term":[{"taxonomy":"category","embeddable":true,"href":"http:\/\/karin.stampis.com\/blog\/index.php?rest_route=%2Fwp%2Fv2%2Fcategories&post=15972"},{"taxonomy":"post_tag","embeddable":true,"href":"http:\/\/karin.stampis.com\/blog\/index.php?rest_route=%2Fwp%2Fv2%2Ftags&post=15972"}],"curies":[{"name":"wp","href":"https:\/\/api.w.org\/{rel}","templated":true}]}}