{"id":15985,"date":"2013-05-25T09:59:39","date_gmt":"2013-05-25T08:59:39","guid":{"rendered":"http:\/\/karin.stampis.com\/blog\/?p=15985"},"modified":"2013-05-24T10:00:05","modified_gmt":"2013-05-24T09:00:05","slug":"hejda-pappsen","status":"publish","type":"post","link":"http:\/\/karin.stampis.com\/blog\/?p=15985","title":{"rendered":"Hejd\u00e5 Pappsen"},"content":{"rendered":"<p>Nu p\u00e5 l\u00f6rdagsmorgonen \u00e4r det sista g\u00e5ngen Alfred f\u00e5r sitta och mysa i sin faders famn p\u00e5 en vecka, nu drar Jimmy n\u00e4mligen till Tokyo. Och Alfred och jag drar till mina p\u00e4ron.<\/p>\n<p><a href=\"http:\/\/karin.stampis.com\/blog\/wp-content\/uploads\/2013\/05\/IMG_20130509_115447.jpg\"><img loading=\"lazy\" decoding=\"async\" class=\"aligncenter size-full wp-image-15826\" alt=\"IMG_20130509_115447\" src=\"http:\/\/karin.stampis.com\/blog\/wp-content\/uploads\/2013\/05\/IMG_20130509_115447.jpg\" width=\"600\" height=\"596\" srcset=\"http:\/\/karin.stampis.com\/blog\/wp-content\/uploads\/2013\/05\/IMG_20130509_115447.jpg 600w, http:\/\/karin.stampis.com\/blog\/wp-content\/uploads\/2013\/05\/IMG_20130509_115447-150x150.jpg 150w, http:\/\/karin.stampis.com\/blog\/wp-content\/uploads\/2013\/05\/IMG_20130509_115447-360x357.jpg 360w\" sizes=\"auto, (max-width: 600px) 100vw, 600px\" \/><\/a><\/p>\n","protected":false},"excerpt":{"rendered":"<p>Nu p\u00e5 l\u00f6rdagsmorgonen \u00e4r det sista g\u00e5ngen Alfred f\u00e5r sitta och mysa i sin faders famn p\u00e5 en vecka, nu drar Jimmy n\u00e4mligen till Tokyo. Och Alfred och jag drar till mina p\u00e4ron.<\/p>\n","protected":false},"author":1,"featured_media":0,"comment_status":"open","ping_status":"open","sticky":false,"template":"","format":"standard","meta":{"footnotes":""},"categories":[328,322,346],"tags":[],"class_list":["post-15985","post","type-post","status-publish","format-standard","hentry","category-328","category-alfred","category-maj-2013"],"_links":{"self":[{"href":"http:\/\/karin.stampis.com\/blog\/index.php?rest_route=\/wp\/v2\/posts\/15985","targetHints":{"allow":["GET"]}}],"collection":[{"href":"http:\/\/karin.stampis.com\/blog\/index.php?rest_route=\/wp\/v2\/posts"}],"about":[{"href":"http:\/\/karin.stampis.com\/blog\/index.php?rest_route=\/wp\/v2\/types\/post"}],"author":[{"embeddable":true,"href":"http:\/\/karin.stampis.com\/blog\/index.php?rest_route=\/wp\/v2\/users\/1"}],"replies":[{"embeddable":true,"href":"http:\/\/karin.stampis.com\/blog\/index.php?rest_route=%2Fwp%2Fv2%2Fcomments&post=15985"}],"version-history":[{"count":4,"href":"http:\/\/karin.stampis.com\/blog\/index.php?rest_route=\/wp\/v2\/posts\/15985\/revisions"}],"predecessor-version":[{"id":15989,"href":"http:\/\/karin.stampis.com\/blog\/index.php?rest_route=\/wp\/v2\/posts\/15985\/revisions\/15989"}],"wp:attachment":[{"href":"http:\/\/karin.stampis.com\/blog\/index.php?rest_route=%2Fwp%2Fv2%2Fmedia&parent=15985"}],"wp:term":[{"taxonomy":"category","embeddable":true,"href":"http:\/\/karin.stampis.com\/blog\/index.php?rest_route=%2Fwp%2Fv2%2Fcategories&post=15985"},{"taxonomy":"post_tag","embeddable":true,"href":"http:\/\/karin.stampis.com\/blog\/index.php?rest_route=%2Fwp%2Fv2%2Ftags&post=15985"}],"curies":[{"name":"wp","href":"https:\/\/api.w.org\/{rel}","templated":true}]}}