{"id":16091,"date":"2013-06-09T13:28:29","date_gmt":"2013-06-09T12:28:29","guid":{"rendered":"http:\/\/karin.stampis.com\/blog\/?p=16091"},"modified":"2013-06-09T13:29:07","modified_gmt":"2013-06-09T12:29:07","slug":"partyprissen","status":"publish","type":"post","link":"http:\/\/karin.stampis.com\/blog\/?p=16091","title":{"rendered":"Partyprissen"},"content":{"rendered":"<p>G\u00e5rdagens br\u00f6llop var verkligen toppen \ud83d\ude42 . Mysig utomhusvigsel i fint v\u00e4der (med en s\u00e5\u00e5\u00e5 vacker brud), skoj fest med mumsig mat, roliga tal&amp;framtr\u00e4danden och en varm&amp;hj\u00e4rtlig st\u00e4mning.<\/p>\n<p>Alfred tyckte ocks\u00e5 att festen var toppen, i den grad att han v\u00e4grade att sl\u00f6sa tiden p\u00e5 att sova :p . Vi har nog n\u00e4rt en riktig liten partyprisse (och ja, han var dessutom r\u00e4tt s\u00e5 intresserad av vinglasen). F\u00f6rutom en mini-tupplur p\u00e5 en halvtimme s\u00e5 sov han ingenting f\u00f6rr\u00e4n vi sp\u00e4nde fast honom i hans bilstol och \u00e5kte hem klockan 2&#8230; Han trivdes som fisken i vattnet med all uppm\u00e4rksamhet han fick!<\/p>\n<p><a href=\"http:\/\/karin.stampis.com\/blog\/wp-content\/uploads\/2013\/06\/IMG_9066.jpg\"><img loading=\"lazy\" decoding=\"async\" class=\"aligncenter size-full wp-image-16092\" alt=\"IMG_9066\" src=\"http:\/\/karin.stampis.com\/blog\/wp-content\/uploads\/2013\/06\/IMG_9066.jpg\" width=\"568\" height=\"600\" srcset=\"http:\/\/karin.stampis.com\/blog\/wp-content\/uploads\/2013\/06\/IMG_9066.jpg 568w, http:\/\/karin.stampis.com\/blog\/wp-content\/uploads\/2013\/06\/IMG_9066-340x360.jpg 340w\" sizes=\"auto, (max-width: 568px) 100vw, 568px\" \/><\/a><\/p>\n<p><em>Alfred l\u00e4ser br\u00f6llopsprogrammet<\/em><\/p>\n","protected":false},"excerpt":{"rendered":"<p>G\u00e5rdagens br\u00f6llop var verkligen toppen \ud83d\ude42 . Mysig utomhusvigsel i fint v\u00e4der (med en s\u00e5\u00e5\u00e5 vacker brud), skoj fest med mumsig mat, roliga tal&amp;framtr\u00e4danden och en varm&amp;hj\u00e4rtlig st\u00e4mning. Alfred tyckte ocks\u00e5 att festen var toppen, i den grad att han &hellip; <a href=\"http:\/\/karin.stampis.com\/blog\/?p=16091\">Continue reading <span class=\"meta-nav\">&rarr;<\/span><\/a><\/p>\n","protected":false},"author":1,"featured_media":0,"comment_status":"open","ping_status":"open","sticky":false,"template":"","format":"standard","meta":{"footnotes":""},"categories":[328,322,348],"tags":[],"class_list":["post-16091","post","type-post","status-publish","format-standard","hentry","category-328","category-alfred","category-juni-2013"],"_links":{"self":[{"href":"http:\/\/karin.stampis.com\/blog\/index.php?rest_route=\/wp\/v2\/posts\/16091","targetHints":{"allow":["GET"]}}],"collection":[{"href":"http:\/\/karin.stampis.com\/blog\/index.php?rest_route=\/wp\/v2\/posts"}],"about":[{"href":"http:\/\/karin.stampis.com\/blog\/index.php?rest_route=\/wp\/v2\/types\/post"}],"author":[{"embeddable":true,"href":"http:\/\/karin.stampis.com\/blog\/index.php?rest_route=\/wp\/v2\/users\/1"}],"replies":[{"embeddable":true,"href":"http:\/\/karin.stampis.com\/blog\/index.php?rest_route=%2Fwp%2Fv2%2Fcomments&post=16091"}],"version-history":[{"count":4,"href":"http:\/\/karin.stampis.com\/blog\/index.php?rest_route=\/wp\/v2\/posts\/16091\/revisions"}],"predecessor-version":[{"id":16096,"href":"http:\/\/karin.stampis.com\/blog\/index.php?rest_route=\/wp\/v2\/posts\/16091\/revisions\/16096"}],"wp:attachment":[{"href":"http:\/\/karin.stampis.com\/blog\/index.php?rest_route=%2Fwp%2Fv2%2Fmedia&parent=16091"}],"wp:term":[{"taxonomy":"category","embeddable":true,"href":"http:\/\/karin.stampis.com\/blog\/index.php?rest_route=%2Fwp%2Fv2%2Fcategories&post=16091"},{"taxonomy":"post_tag","embeddable":true,"href":"http:\/\/karin.stampis.com\/blog\/index.php?rest_route=%2Fwp%2Fv2%2Ftags&post=16091"}],"curies":[{"name":"wp","href":"https:\/\/api.w.org\/{rel}","templated":true}]}}