{"id":16107,"date":"2013-06-11T10:23:38","date_gmt":"2013-06-11T09:23:38","guid":{"rendered":"http:\/\/karin.stampis.com\/blog\/?p=16107"},"modified":"2013-06-11T10:23:38","modified_gmt":"2013-06-11T09:23:38","slug":"alfred-pa-landet-2","status":"publish","type":"post","link":"http:\/\/karin.stampis.com\/blog\/?p=16107","title":{"rendered":"Alfred p\u00e5 landet"},"content":{"rendered":"<p>Foto fr\u00e5n helgen p\u00e5 Alfred som h\u00e4nger p\u00e5 landet. H\u00e4rligt att vara p\u00e5 landet p\u00e5 sommaren och isch vad det inte \u00e4r h\u00e4rligt att h\u00e4nga i denna stekheta l\u00e4genhet d\u00e5 det \u00e4r varmt :\/. Denna varma vecka t\u00e4nkte vi fly l\u00e4genheten de dagar som jag \u00e4r hemma, s\u00e5 Alfred ska tr\u00e4ffa n\u00e5gra av hans kompisar dessa dagar &#8211; alla \u00e4r damer och i blandade \u00e5ldrar. Jag tror att typ 90% (minst!) av alla Alfred har umg\u00e5tts med \u00e4r kvinnor (eller tja, flickor f\u00e5r man v\u00e4l kalla de minsta), s\u00e5 han borde ju inte bli blyg f\u00f6r tjejer d\u00e5 han \u00e4r \u00e4ldre \ud83d\ude09 .<\/p>\n<p>Men i sommar ska han tr\u00e4ffa lite mer grabbar, ska bli kul d\u00e5 han f\u00e5r tr\u00e4ffa sina kusiner (och \u00f6vrig sl\u00e4kt ocks\u00e5 s\u00e5klart!) norrifr\u00e5n och s\u00e5 hoppas jag att Alfred och Leo kan tr\u00e4ffas ocks\u00e5 (f\u00f6rra g\u00e5ngen var dock dessa tv\u00e5 mer intresserade av de \u00e4ldre tjejerna som fanns runtomkring \u00e4n av varandra \ud83d\ude09 ).<\/p>\n<p><a href=\"http:\/\/karin.stampis.com\/blog\/wp-content\/uploads\/2013\/06\/DSC_0421-MIX.jpg\"><img loading=\"lazy\" decoding=\"async\" class=\"aligncenter size-full wp-image-16108\" alt=\"DSC_0421-MIX\" src=\"http:\/\/karin.stampis.com\/blog\/wp-content\/uploads\/2013\/06\/DSC_0421-MIX.jpg\" width=\"1185\" height=\"800\" srcset=\"http:\/\/karin.stampis.com\/blog\/wp-content\/uploads\/2013\/06\/DSC_0421-MIX.jpg 1185w, http:\/\/karin.stampis.com\/blog\/wp-content\/uploads\/2013\/06\/DSC_0421-MIX-360x243.jpg 360w, http:\/\/karin.stampis.com\/blog\/wp-content\/uploads\/2013\/06\/DSC_0421-MIX-1024x691.jpg 1024w\" sizes=\"auto, (max-width: 1185px) 100vw, 1185px\" \/><\/a><\/p>\n","protected":false},"excerpt":{"rendered":"<p>Foto fr\u00e5n helgen p\u00e5 Alfred som h\u00e4nger p\u00e5 landet. H\u00e4rligt att vara p\u00e5 landet p\u00e5 sommaren och isch vad det inte \u00e4r h\u00e4rligt att h\u00e4nga i denna stekheta l\u00e4genhet d\u00e5 det \u00e4r varmt :\/. Denna varma vecka t\u00e4nkte vi fly &hellip; <a href=\"http:\/\/karin.stampis.com\/blog\/?p=16107\">Continue reading <span class=\"meta-nav\">&rarr;<\/span><\/a><\/p>\n","protected":false},"author":1,"featured_media":0,"comment_status":"open","ping_status":"open","sticky":false,"template":"","format":"standard","meta":{"footnotes":""},"categories":[328,322,348],"tags":[],"class_list":["post-16107","post","type-post","status-publish","format-standard","hentry","category-328","category-alfred","category-juni-2013"],"_links":{"self":[{"href":"http:\/\/karin.stampis.com\/blog\/index.php?rest_route=\/wp\/v2\/posts\/16107","targetHints":{"allow":["GET"]}}],"collection":[{"href":"http:\/\/karin.stampis.com\/blog\/index.php?rest_route=\/wp\/v2\/posts"}],"about":[{"href":"http:\/\/karin.stampis.com\/blog\/index.php?rest_route=\/wp\/v2\/types\/post"}],"author":[{"embeddable":true,"href":"http:\/\/karin.stampis.com\/blog\/index.php?rest_route=\/wp\/v2\/users\/1"}],"replies":[{"embeddable":true,"href":"http:\/\/karin.stampis.com\/blog\/index.php?rest_route=%2Fwp%2Fv2%2Fcomments&post=16107"}],"version-history":[{"count":9,"href":"http:\/\/karin.stampis.com\/blog\/index.php?rest_route=\/wp\/v2\/posts\/16107\/revisions"}],"predecessor-version":[{"id":16117,"href":"http:\/\/karin.stampis.com\/blog\/index.php?rest_route=\/wp\/v2\/posts\/16107\/revisions\/16117"}],"wp:attachment":[{"href":"http:\/\/karin.stampis.com\/blog\/index.php?rest_route=%2Fwp%2Fv2%2Fmedia&parent=16107"}],"wp:term":[{"taxonomy":"category","embeddable":true,"href":"http:\/\/karin.stampis.com\/blog\/index.php?rest_route=%2Fwp%2Fv2%2Fcategories&post=16107"},{"taxonomy":"post_tag","embeddable":true,"href":"http:\/\/karin.stampis.com\/blog\/index.php?rest_route=%2Fwp%2Fv2%2Ftags&post=16107"}],"curies":[{"name":"wp","href":"https:\/\/api.w.org\/{rel}","templated":true}]}}