{"id":16204,"date":"2013-06-23T06:54:55","date_gmt":"2013-06-23T05:54:55","guid":{"rendered":"http:\/\/karin.stampis.com\/blog\/?p=16204"},"modified":"2013-06-22T19:55:07","modified_gmt":"2013-06-22T18:55:07","slug":"alfred-8-manader","status":"publish","type":"post","link":"http:\/\/karin.stampis.com\/blog\/?p=16204","title":{"rendered":"Alfred 8 m\u00e5nader"},"content":{"rendered":"<p>Det har h\u00e4nt j\u00e4ttemycket den senaste m\u00e5naden! Alfred har blivit mycket mer r\u00f6rlig. Farten p\u00e5 krypandet har \u00f6kat markant. Han drar sig l\u00e4tt uppf\u00f6r m\u00f6bler, kan st\u00e5 d\u00e4r ett bra tag och han g\u00e5r \u00e4ven runt bordet medan han h\u00e5ller sig i det. Han testar ofta att sl\u00e4ppa taget och st\u00e5 upp, ibland g\u00e5r det och ibland vurpar han. H\u00e5ller man i hans h\u00e4nder och g\u00e5r med honom s\u00e5 springer han n\u00e4stan.<\/p>\n<p style=\"text-align: center;\"><a href=\"http:\/\/karin.stampis.com\/blog\/wp-content\/uploads\/2013\/06\/IMG_0826.jpg\"><img loading=\"lazy\" decoding=\"async\" class=\"aligncenter size-full wp-image-16229\" alt=\"IMG_0826\" src=\"http:\/\/karin.stampis.com\/blog\/wp-content\/uploads\/2013\/06\/IMG_0826.jpg\" width=\"446\" height=\"600\" srcset=\"http:\/\/karin.stampis.com\/blog\/wp-content\/uploads\/2013\/06\/IMG_0826.jpg 446w, http:\/\/karin.stampis.com\/blog\/wp-content\/uploads\/2013\/06\/IMG_0826-267x360.jpg 267w\" sizes=\"auto, (max-width: 446px) 100vw, 446px\" \/><\/a><em>Alfred in action<\/em><\/p>\n<p>K\u00e4nns som att han borde kunna g\u00e5 om n\u00e5gra m\u00e5nader, l\u00e4\u00e4\u00e4\u00e4skigt :p . I vilket fall s\u00e5 \u00e4r han konstant i r\u00f6relse. Han unders\u00f6ker och biter p\u00e5 ALLT. Han dreglar som en hund. Men inga t\u00e4nder i sikte \u00e4n. Han pratar en del, mest innan han ska sova, BABABABA \u00e4r favoriten nu.<\/p>\n<p style=\"text-align: center;\"><a href=\"http:\/\/karin.stampis.com\/blog\/wp-content\/uploads\/2013\/06\/IMG_0320.jpg\"><img loading=\"lazy\" decoding=\"async\" class=\"aligncenter size-full wp-image-16212\" alt=\"IMG_0320\" src=\"http:\/\/karin.stampis.com\/blog\/wp-content\/uploads\/2013\/06\/IMG_0320.jpg\" width=\"600\" height=\"557\" srcset=\"http:\/\/karin.stampis.com\/blog\/wp-content\/uploads\/2013\/06\/IMG_0320.jpg 600w, http:\/\/karin.stampis.com\/blog\/wp-content\/uploads\/2013\/06\/IMG_0320-360x334.jpg 360w\" sizes=\"auto, (max-width: 600px) 100vw, 600px\" \/><\/a><em>Alfred med scannar-blicken &#8211; vad kan vara mest intressant att tugga p\u00e5 h\u00e4r?<\/em><\/p>\n<p>Han verkar knappt ha v\u00e4xt n\u00e5gonting p\u00e5 2 m\u00e5nader (f\u00e5r se p\u00e5 bvc-bes\u00f6ket imorgon), men \u00e5 andra sidan br\u00e4nner han r\u00e4tt s\u00e5 mkt p\u00e5 all r\u00f6relse. Han \u00e4r inte j\u00e4ttestor i maten, men det finns tydligen alltid en extra mage f\u00f6r br\u00f6stmj\u00f6lk :p. Men han gillar \u00e4ven att \u00e4ta upp sin pappas smoothie&#8230;<\/p>\n<p style=\"text-align: center;\"><a href=\"http:\/\/karin.stampis.com\/blog\/wp-content\/uploads\/2013\/06\/DSC_0498.jpg\"><img loading=\"lazy\" decoding=\"async\" class=\"aligncenter size-full wp-image-16209\" alt=\"DSC_0498\" src=\"http:\/\/karin.stampis.com\/blog\/wp-content\/uploads\/2013\/06\/DSC_0498.jpg\" width=\"600\" height=\"408\" srcset=\"http:\/\/karin.stampis.com\/blog\/wp-content\/uploads\/2013\/06\/DSC_0498.jpg 600w, http:\/\/karin.stampis.com\/blog\/wp-content\/uploads\/2013\/06\/DSC_0498-360x244.jpg 360w\" sizes=\"auto, (max-width: 600px) 100vw, 600px\" \/><\/a><em>Hulk Hogan-murre av bl\u00e5b\u00e4rssmoothie<\/em><\/p>\n<p>Han \u00e4r fortfarande en nattsuddare, somnar ofta runt 10-11 trots att vi f\u00f6rs\u00f6ker natta honom tidigare. Nattar honom i spj\u00e4ls\u00e4ngen men p\u00e5 n\u00e5got mystiskt s\u00e4tt ligger han alltid mellan oss i dubbels\u00e4ngen d\u00e5 jag vaknar&#8230; Han ska helst ligga n\u00e4ra b\u00e5de mamma och pappa s\u00e5 han ligger oftast tv\u00e4rs \u00f6ver s\u00e4ngen. Jag brukar vakna med en rumpa i huvudet, men \u00e5 andra sidan brukar Jimmy f\u00e5 gratis n\u00e4s\/\u00f6ron\/\u00f6gon-petar-service s\u00e5 jag ska inte klaga. Han vaknar fortfarande n\u00e5gon g\u00e5ng p\u00e5 natten och vill ha k\u00e4k. Sen vaknar han n\u00e4stan alltid vid halv 9, f\u00e5r han en tankning d\u00e5 s\u00e5 kan han nanna vidare l\u00e4ngre, men jag brukar dra upp honom d\u00e5 s\u00e5 han f\u00e5r lite dygnsrytm. Fast jag har en k\u00e4nsla av att han sover lite l\u00e4ngre under Jimmy-dagarna :p . S\u00e5 s\u00f6mnen \u00e4r v\u00e4l lite s\u00e5d\u00e4r. Men det k\u00e4nns \u00e4nd\u00e5 ok, \u00e4ven om det hade varit trevligt att kunna ha lite kv\u00e4llar ihop bara maken och jag (halva filmer och tvprogram \u00e4r mer regel \u00e4n undantag). M\u00e5nga s\u00e4ger att ongarna sover mkt b\u00e4ttre d\u00e5 man v\u00e4l slutat amma, men jag tycker det \u00e4r lite synd att sluta f\u00f6r det. Vi f\u00e5r se. Jag \u00e4r den som \u00e4r mest k\u00e4nslig mot s\u00f6mnbrist &#8211; Jimmy har ju konstant s\u00f6mnbrist s\u00e5 han \u00e4r v\u00e4l immun vid detta laget :p , och s\u00e5 l\u00e4nge jag bara jobbar halvtid s\u00e5 funkar det helt ok.<\/p>\n<p>Han har b\u00f6rjat bli lite blyg f\u00f6r fr\u00e4mlingar nu, vilket \u00e4r vanligt i denna \u00e5ldern. Innan reflekterade han inte \u00f6ver fr\u00e4mlingar, men det m\u00e4rks att han g\u00f6r det nu. D\u00e5 han tr\u00e4ffar j\u00e4mn\u00e5riga \u00e4r han lite reserverad och kryper g\u00e4rna upp i min famn eller v\u00e4nder sig om och tuggar p\u00e5 en kloss snarare \u00e4n interagerar. Men han f\u00e5r ta socialiserandet i den takten han tycker \u00e4r lagom, hellre n\u00e5gra stabila personer runtomsig \u00e4n att han \u00e4r supersocial med alla. V\u00e4rdes\u00e4tter han en rik inre v\u00e4rld mer \u00e4n en rik yttre v\u00e4rld s\u00e5 tycker jag bara att det \u00e4r bra (ok, det l\u00e4t lite pretenti\u00f6st f\u00f6r en bebis kanske :p).\u00a0 Men vuxna damer har han inga problem med, dom gillar han att h\u00e4nga med.<\/p>\n<p>Och lite musikalisk verkar han allt vara &#8211; han diggar och sv\u00e4nger i takt till musik. Ibland h\u00e4rmar han \u00e4ven v\u00e5ra r\u00f6relser. B\u00f6cker \u00e4r han \u00e4ven f\u00f6rtjust i, om \u00e4n mest f\u00f6r att bl\u00e4ddra i och bita i.<\/p>\n<p><a href=\"http:\/\/karin.stampis.com\/blog\/wp-content\/uploads\/2013\/06\/IMG_0315.jpg\"><img loading=\"lazy\" decoding=\"async\" class=\"aligncenter size-full wp-image-16255\" alt=\"IMG_0315\" src=\"http:\/\/karin.stampis.com\/blog\/wp-content\/uploads\/2013\/06\/IMG_0315.jpg\" width=\"510\" height=\"600\" srcset=\"http:\/\/karin.stampis.com\/blog\/wp-content\/uploads\/2013\/06\/IMG_0315.jpg 510w, http:\/\/karin.stampis.com\/blog\/wp-content\/uploads\/2013\/06\/IMG_0315-306x360.jpg 306w\" sizes=\"auto, (max-width: 510px) 100vw, 510px\" \/><\/a><\/p>\n","protected":false},"excerpt":{"rendered":"<p>Det har h\u00e4nt j\u00e4ttemycket den senaste m\u00e5naden! Alfred har blivit mycket mer r\u00f6rlig. Farten p\u00e5 krypandet har \u00f6kat markant. Han drar sig l\u00e4tt uppf\u00f6r m\u00f6bler, kan st\u00e5 d\u00e4r ett bra tag och han g\u00e5r \u00e4ven runt bordet medan han h\u00e5ller &hellip; <a href=\"http:\/\/karin.stampis.com\/blog\/?p=16204\">Continue reading <span class=\"meta-nav\">&rarr;<\/span><\/a><\/p>\n","protected":false},"author":1,"featured_media":0,"comment_status":"open","ping_status":"open","sticky":false,"template":"","format":"standard","meta":{"footnotes":""},"categories":[328,322,330,348],"tags":[],"class_list":["post-16204","post","type-post","status-publish","format-standard","hentry","category-328","category-alfred","category-fyller-manad","category-juni-2013"],"_links":{"self":[{"href":"http:\/\/karin.stampis.com\/blog\/index.php?rest_route=\/wp\/v2\/posts\/16204","targetHints":{"allow":["GET"]}}],"collection":[{"href":"http:\/\/karin.stampis.com\/blog\/index.php?rest_route=\/wp\/v2\/posts"}],"about":[{"href":"http:\/\/karin.stampis.com\/blog\/index.php?rest_route=\/wp\/v2\/types\/post"}],"author":[{"embeddable":true,"href":"http:\/\/karin.stampis.com\/blog\/index.php?rest_route=\/wp\/v2\/users\/1"}],"replies":[{"embeddable":true,"href":"http:\/\/karin.stampis.com\/blog\/index.php?rest_route=%2Fwp%2Fv2%2Fcomments&post=16204"}],"version-history":[{"count":8,"href":"http:\/\/karin.stampis.com\/blog\/index.php?rest_route=\/wp\/v2\/posts\/16204\/revisions"}],"predecessor-version":[{"id":16260,"href":"http:\/\/karin.stampis.com\/blog\/index.php?rest_route=\/wp\/v2\/posts\/16204\/revisions\/16260"}],"wp:attachment":[{"href":"http:\/\/karin.stampis.com\/blog\/index.php?rest_route=%2Fwp%2Fv2%2Fmedia&parent=16204"}],"wp:term":[{"taxonomy":"category","embeddable":true,"href":"http:\/\/karin.stampis.com\/blog\/index.php?rest_route=%2Fwp%2Fv2%2Fcategories&post=16204"},{"taxonomy":"post_tag","embeddable":true,"href":"http:\/\/karin.stampis.com\/blog\/index.php?rest_route=%2Fwp%2Fv2%2Ftags&post=16204"}],"curies":[{"name":"wp","href":"https:\/\/api.w.org\/{rel}","templated":true}]}}