{"id":16447,"date":"2013-07-13T14:27:38","date_gmt":"2013-07-13T13:27:38","guid":{"rendered":"http:\/\/karin.stampis.com\/blog\/?p=16447"},"modified":"2013-07-13T14:28:33","modified_gmt":"2013-07-13T13:28:33","slug":"gardagen","status":"publish","type":"post","link":"http:\/\/karin.stampis.com\/blog\/?p=16447","title":{"rendered":"G\u00e5rdagen"},"content":{"rendered":"<p>Precis som jag skrev ig\u00e5r s\u00e5 tog det en jefla tid att dricka upp vinet. Det b\u00e4sta med ett glas vin nuf\u00f6rtiden \u00e4r sj\u00e4lva tanken som infinner sig innan man har \u00f6ppnat flarran &#8211; tanken p\u00e5 att ligga i soffan, smutta p\u00e5 ett gott vin och bara chilla. Sen blir det aldrig direkt chillat d\u00e5 man ska ha uppsikt p\u00e5 tokbusen, byta bl\u00f6jor, mata etc :p . Han somnar s\u00e4llan f\u00f6rr\u00e4n 10-11 tiden och efter det s\u00e5 \u00e4r det ju knappast l\u00f6nt att p\u00e5b\u00f6rja vindrickandet, vid den tiden brukar jag vara f\u00e4rdig f\u00f6r s\u00e4ngen jag med. Jag tror att han har starka nattsuddare-gener, men jag har fortfarande inte gett upp hoppet att han ska nanna vid 7-8 som &#8220;alla andra bebisar&#8221;. Sen har jag ju \u00e5 andra sidan ingen erfarenhet av att ha en unge som \u00e4r pigg och vaken kl 5 p\u00e5 morgonen &#8211; ur den morgontr\u00f6ttes synvinkel s\u00e5 \u00e4r Alfred en idealisk unge \ud83d\ude09 .<\/p>\n<p><a href=\"http:\/\/karin.stampis.com\/blog\/wp-content\/uploads\/2013\/07\/IMG_9134.jpg\"><img loading=\"lazy\" decoding=\"async\" class=\"aligncenter size-full wp-image-16448\" alt=\"IMG_9134\" src=\"http:\/\/karin.stampis.com\/blog\/wp-content\/uploads\/2013\/07\/IMG_9134.jpg\" width=\"450\" height=\"600\" srcset=\"http:\/\/karin.stampis.com\/blog\/wp-content\/uploads\/2013\/07\/IMG_9134.jpg 450w, http:\/\/karin.stampis.com\/blog\/wp-content\/uploads\/2013\/07\/IMG_9134-270x360.jpg 270w\" sizes=\"auto, (max-width: 450px) 100vw, 450px\" \/><\/a><\/p>\n<p style=\"text-align: center;\"><em>Den ene \u00e4r mer kv\u00e4llspigg \u00e4n den andre<\/em><\/p>\n","protected":false},"excerpt":{"rendered":"<p>Precis som jag skrev ig\u00e5r s\u00e5 tog det en jefla tid att dricka upp vinet. Det b\u00e4sta med ett glas vin nuf\u00f6rtiden \u00e4r sj\u00e4lva tanken som infinner sig innan man har \u00f6ppnat flarran &#8211; tanken p\u00e5 att ligga i soffan, &hellip; <a href=\"http:\/\/karin.stampis.com\/blog\/?p=16447\">Continue reading <span class=\"meta-nav\">&rarr;<\/span><\/a><\/p>\n","protected":false},"author":1,"featured_media":0,"comment_status":"open","ping_status":"open","sticky":false,"template":"","format":"standard","meta":{"footnotes":""},"categories":[328,322,333,349],"tags":[],"class_list":["post-16447","post","type-post","status-publish","format-standard","hentry","category-328","category-alfred","category-du-och-jag-alfred","category-juli-2013"],"_links":{"self":[{"href":"http:\/\/karin.stampis.com\/blog\/index.php?rest_route=\/wp\/v2\/posts\/16447","targetHints":{"allow":["GET"]}}],"collection":[{"href":"http:\/\/karin.stampis.com\/blog\/index.php?rest_route=\/wp\/v2\/posts"}],"about":[{"href":"http:\/\/karin.stampis.com\/blog\/index.php?rest_route=\/wp\/v2\/types\/post"}],"author":[{"embeddable":true,"href":"http:\/\/karin.stampis.com\/blog\/index.php?rest_route=\/wp\/v2\/users\/1"}],"replies":[{"embeddable":true,"href":"http:\/\/karin.stampis.com\/blog\/index.php?rest_route=%2Fwp%2Fv2%2Fcomments&post=16447"}],"version-history":[{"count":5,"href":"http:\/\/karin.stampis.com\/blog\/index.php?rest_route=\/wp\/v2\/posts\/16447\/revisions"}],"predecessor-version":[{"id":16453,"href":"http:\/\/karin.stampis.com\/blog\/index.php?rest_route=\/wp\/v2\/posts\/16447\/revisions\/16453"}],"wp:attachment":[{"href":"http:\/\/karin.stampis.com\/blog\/index.php?rest_route=%2Fwp%2Fv2%2Fmedia&parent=16447"}],"wp:term":[{"taxonomy":"category","embeddable":true,"href":"http:\/\/karin.stampis.com\/blog\/index.php?rest_route=%2Fwp%2Fv2%2Fcategories&post=16447"},{"taxonomy":"post_tag","embeddable":true,"href":"http:\/\/karin.stampis.com\/blog\/index.php?rest_route=%2Fwp%2Fv2%2Ftags&post=16447"}],"curies":[{"name":"wp","href":"https:\/\/api.w.org\/{rel}","templated":true}]}}