{"id":16478,"date":"2013-07-16T07:38:18","date_gmt":"2013-07-16T06:38:18","guid":{"rendered":"http:\/\/karin.stampis.com\/blog\/?p=16478"},"modified":"2013-07-16T07:44:45","modified_gmt":"2013-07-16T06:44:45","slug":"utefrukost-vid-havet","status":"publish","type":"post","link":"http:\/\/karin.stampis.com\/blog\/?p=16478","title":{"rendered":"Utefrukost vid havet"},"content":{"rendered":"<p>Ig\u00e5r gick vi direkt fr\u00e5n s\u00e4ngen till en utefrukost i V\u00e4stra hamnen (eller tja, brunch f\u00e5r det nog kallas, men vi hann till Espresso House 5 minuter innan de slutade servera frukost, kl 10.55).<\/p>\n<p><a href=\"http:\/\/karin.stampis.com\/blog\/wp-content\/uploads\/2013\/07\/DSC_07121.jpg\"><img loading=\"lazy\" decoding=\"async\" class=\"aligncenter size-full wp-image-16486\" alt=\"DSC_0712\" src=\"http:\/\/karin.stampis.com\/blog\/wp-content\/uploads\/2013\/07\/DSC_07121.jpg\" width=\"600\" height=\"600\" srcset=\"http:\/\/karin.stampis.com\/blog\/wp-content\/uploads\/2013\/07\/DSC_07121.jpg 600w, http:\/\/karin.stampis.com\/blog\/wp-content\/uploads\/2013\/07\/DSC_07121-150x150.jpg 150w, http:\/\/karin.stampis.com\/blog\/wp-content\/uploads\/2013\/07\/DSC_07121-360x360.jpg 360w\" sizes=\"auto, (max-width: 600px) 100vw, 600px\" \/><\/a><\/p>\n<p style=\"text-align: center;\">Sen l\u00e5g vi lite p\u00e5 v\u00e5r picknickfilt och f\u00f6rs\u00f6kte chilla&#8230;Tv\u00e5 av oss i alla fall :p<a href=\"http:\/\/karin.stampis.com\/blog\/wp-content\/uploads\/2013\/07\/DSC_0716.jpg\"><img loading=\"lazy\" decoding=\"async\" class=\"aligncenter size-large wp-image-16481\" alt=\"DSC_0716\" src=\"http:\/\/karin.stampis.com\/blog\/wp-content\/uploads\/2013\/07\/DSC_0716.jpg\" width=\"600\" height=\"338\" srcset=\"http:\/\/karin.stampis.com\/blog\/wp-content\/uploads\/2013\/07\/DSC_0716.jpg 600w, http:\/\/karin.stampis.com\/blog\/wp-content\/uploads\/2013\/07\/DSC_0716-360x202.jpg 360w\" sizes=\"auto, (max-width: 600px) 100vw, 600px\" \/><\/a><\/p>\n<p><a href=\"http:\/\/karin.stampis.com\/blog\/wp-content\/uploads\/2013\/07\/DSC_0720.jpg\"><img loading=\"lazy\" decoding=\"async\" class=\"aligncenter size-large wp-image-16482\" alt=\"DSC_0718\" src=\"http:\/\/karin.stampis.com\/blog\/wp-content\/uploads\/2013\/07\/DSC_0718.jpg\" width=\"600\" height=\"338\" srcset=\"http:\/\/karin.stampis.com\/blog\/wp-content\/uploads\/2013\/07\/DSC_0718.jpg 600w, http:\/\/karin.stampis.com\/blog\/wp-content\/uploads\/2013\/07\/DSC_0718-360x202.jpg 360w\" sizes=\"auto, (max-width: 600px) 100vw, 600px\" \/><img loading=\"lazy\" decoding=\"async\" class=\"aligncenter size-large wp-image-16483\" alt=\"DSC_0720\" src=\"http:\/\/karin.stampis.com\/blog\/wp-content\/uploads\/2013\/07\/DSC_0720.jpg\" width=\"600\" height=\"338\" srcset=\"http:\/\/karin.stampis.com\/blog\/wp-content\/uploads\/2013\/07\/DSC_0720.jpg 600w, http:\/\/karin.stampis.com\/blog\/wp-content\/uploads\/2013\/07\/DSC_0720-360x202.jpg 360w\" sizes=\"auto, (max-width: 600px) 100vw, 600px\" \/><\/a><\/p>\n<p style=\"text-align: center;\">H\u00e4r har Alfreds tand lyckats komma med p\u00e5 foto (den \u00e4r inte j\u00e4ttestor, men syns p\u00e5 hans h\u00f6gra sida av munnen, v\u00e4nster p\u00e5 fotot allts\u00e5).<\/p>\n<p><a href=\"http:\/\/karin.stampis.com\/blog\/wp-content\/uploads\/2013\/07\/DSC_05981.jpg\"><img loading=\"lazy\" decoding=\"async\" class=\"aligncenter size-full wp-image-16479\" alt=\"DSC_0598\" src=\"http:\/\/karin.stampis.com\/blog\/wp-content\/uploads\/2013\/07\/DSC_05981.jpg\" width=\"450\" height=\"600\" srcset=\"http:\/\/karin.stampis.com\/blog\/wp-content\/uploads\/2013\/07\/DSC_05981.jpg 450w, http:\/\/karin.stampis.com\/blog\/wp-content\/uploads\/2013\/07\/DSC_05981-270x360.jpg 270w\" sizes=\"auto, (max-width: 450px) 100vw, 450px\" \/><\/a><\/p>\n","protected":false},"excerpt":{"rendered":"<p>Ig\u00e5r gick vi direkt fr\u00e5n s\u00e4ngen till en utefrukost i V\u00e4stra hamnen (eller tja, brunch f\u00e5r det nog kallas, men vi hann till Espresso House 5 minuter innan de slutade servera frukost, kl 10.55). Sen l\u00e5g vi lite p\u00e5 v\u00e5r &hellip; <a href=\"http:\/\/karin.stampis.com\/blog\/?p=16478\">Continue reading <span class=\"meta-nav\">&rarr;<\/span><\/a><\/p>\n","protected":false},"author":1,"featured_media":0,"comment_status":"open","ping_status":"open","sticky":false,"template":"","format":"standard","meta":{"footnotes":""},"categories":[328,322,349],"tags":[],"class_list":["post-16478","post","type-post","status-publish","format-standard","hentry","category-328","category-alfred","category-juli-2013"],"_links":{"self":[{"href":"http:\/\/karin.stampis.com\/blog\/index.php?rest_route=\/wp\/v2\/posts\/16478","targetHints":{"allow":["GET"]}}],"collection":[{"href":"http:\/\/karin.stampis.com\/blog\/index.php?rest_route=\/wp\/v2\/posts"}],"about":[{"href":"http:\/\/karin.stampis.com\/blog\/index.php?rest_route=\/wp\/v2\/types\/post"}],"author":[{"embeddable":true,"href":"http:\/\/karin.stampis.com\/blog\/index.php?rest_route=\/wp\/v2\/users\/1"}],"replies":[{"embeddable":true,"href":"http:\/\/karin.stampis.com\/blog\/index.php?rest_route=%2Fwp%2Fv2%2Fcomments&post=16478"}],"version-history":[{"count":12,"href":"http:\/\/karin.stampis.com\/blog\/index.php?rest_route=\/wp\/v2\/posts\/16478\/revisions"}],"predecessor-version":[{"id":16494,"href":"http:\/\/karin.stampis.com\/blog\/index.php?rest_route=\/wp\/v2\/posts\/16478\/revisions\/16494"}],"wp:attachment":[{"href":"http:\/\/karin.stampis.com\/blog\/index.php?rest_route=%2Fwp%2Fv2%2Fmedia&parent=16478"}],"wp:term":[{"taxonomy":"category","embeddable":true,"href":"http:\/\/karin.stampis.com\/blog\/index.php?rest_route=%2Fwp%2Fv2%2Fcategories&post=16478"},{"taxonomy":"post_tag","embeddable":true,"href":"http:\/\/karin.stampis.com\/blog\/index.php?rest_route=%2Fwp%2Fv2%2Ftags&post=16478"}],"curies":[{"name":"wp","href":"https:\/\/api.w.org\/{rel}","templated":true}]}}