{"id":16505,"date":"2013-07-19T20:00:46","date_gmt":"2013-07-19T19:00:46","guid":{"rendered":"http:\/\/karin.stampis.com\/blog\/?p=16505"},"modified":"2013-07-19T20:00:46","modified_gmt":"2013-07-19T19:00:46","slug":"paron-pa-vift","status":"publish","type":"post","link":"http:\/\/karin.stampis.com\/blog\/?p=16505","title":{"rendered":"P\u00e4ron p\u00e5 vift"},"content":{"rendered":"<p>D\u00e5 fader var h\u00e4r p\u00e5 bes\u00f6k passade vi p\u00e5 att utnyttja barnvakten under n\u00e5gra timmar. Vi gav oss d\u00e5 sj\u00e4lva iv\u00e4g p\u00e5 stan, d\u00e4r vi f\u00f6rst drack \u00f6l p\u00e5 Lilla Torg och sen k\u00e4kade vi middag p\u00e5 Epicur\u00e9. Det var andra g\u00e5ngen som vi \u00e4r sj\u00e4lva ute och k\u00e4kar efter Alfreds f\u00f6delse. Jisses vad exklusivt det k\u00e4nns att g\u00e5 ut nuf\u00f6rtiden &#8211; n\u00e4stan som om man hade haft f\u00f6rsta dejten :p. Och Alfred klarade sig j\u00e4ttebra ensam med fader, tjohej \ud83d\ude42 ! G\u00f6ra om snart!<\/p>\n<p style=\"text-align: center;\"><em>\u00d6l p\u00e5 Lilla Torg<\/em><\/p>\n<p><a href=\"http:\/\/karin.stampis.com\/blog\/wp-content\/uploads\/2013\/07\/DSC_0725.jpg\"><img loading=\"lazy\" decoding=\"async\" class=\"aligncenter size-full wp-image-16515\" alt=\"DSC_0725\" src=\"http:\/\/karin.stampis.com\/blog\/wp-content\/uploads\/2013\/07\/DSC_0725.jpg\" width=\"600\" height=\"338\" srcset=\"http:\/\/karin.stampis.com\/blog\/wp-content\/uploads\/2013\/07\/DSC_0725.jpg 600w, http:\/\/karin.stampis.com\/blog\/wp-content\/uploads\/2013\/07\/DSC_0725-360x202.jpg 360w\" sizes=\"auto, (max-width: 600px) 100vw, 600px\" \/><\/a><\/p>\n<p style=\"text-align: center;\"><em>Frutti di Mare, mums!<\/em><\/p>\n<p style=\"text-align: center;\"><a href=\"http:\/\/karin.stampis.com\/blog\/wp-content\/uploads\/2013\/07\/DSC_0731.jpg\"><img loading=\"lazy\" decoding=\"async\" class=\"aligncenter size-full wp-image-16507\" alt=\"DSC_0731\" src=\"http:\/\/karin.stampis.com\/blog\/wp-content\/uploads\/2013\/07\/DSC_0731.jpg\" width=\"338\" height=\"600\" srcset=\"http:\/\/karin.stampis.com\/blog\/wp-content\/uploads\/2013\/07\/DSC_0731.jpg 338w, http:\/\/karin.stampis.com\/blog\/wp-content\/uploads\/2013\/07\/DSC_0731-202x360.jpg 202w\" sizes=\"auto, (max-width: 338px) 100vw, 338px\" \/><\/a><\/p>\n<p style=\"text-align: center;\"><em>Deras tiramisu \u00e4r gudomlig!<\/em><\/p>\n<p style=\"text-align: center;\"><a href=\"http:\/\/karin.stampis.com\/blog\/wp-content\/uploads\/2013\/07\/IMG_20130719_175632.jpg\"><img loading=\"lazy\" decoding=\"async\" class=\"aligncenter size-full wp-image-16508\" alt=\"IMG_20130719_175632\" src=\"http:\/\/karin.stampis.com\/blog\/wp-content\/uploads\/2013\/07\/IMG_20130719_175632.jpg\" width=\"600\" height=\"600\" srcset=\"http:\/\/karin.stampis.com\/blog\/wp-content\/uploads\/2013\/07\/IMG_20130719_175632.jpg 600w, http:\/\/karin.stampis.com\/blog\/wp-content\/uploads\/2013\/07\/IMG_20130719_175632-150x150.jpg 150w, http:\/\/karin.stampis.com\/blog\/wp-content\/uploads\/2013\/07\/IMG_20130719_175632-360x360.jpg 360w\" sizes=\"auto, (max-width: 600px) 100vw, 600px\" \/><\/a><\/p>\n<p style=\"text-align: center;\"><em>Vi har varit p\u00e5 Epicur\u00e9 tre g\u00e5nger, och det \u00e4r f\u00f6rsta g\u00e5ngen jag kunde dricka vin d\u00e5 vi varit d\u00e4r. Man m\u00e5 l\u00e5ta dryckesfixerad, men restaurangbes\u00f6k \u00e4r inte full\u00e4ndade utan ett gott vin till maten. En varm och solig dag.<\/em><a href=\"http:\/\/karin.stampis.com\/blog\/wp-content\/uploads\/2013\/07\/IMG_20130719_175144.jpg\"><img loading=\"lazy\" decoding=\"async\" class=\"aligncenter size-large wp-image-16509\" alt=\"IMG_20130719_175144\" src=\"http:\/\/karin.stampis.com\/blog\/wp-content\/uploads\/2013\/07\/IMG_20130719_175144.jpg\" width=\"600\" height=\"600\" srcset=\"http:\/\/karin.stampis.com\/blog\/wp-content\/uploads\/2013\/07\/IMG_20130719_175144.jpg 600w, http:\/\/karin.stampis.com\/blog\/wp-content\/uploads\/2013\/07\/IMG_20130719_175144-150x150.jpg 150w, http:\/\/karin.stampis.com\/blog\/wp-content\/uploads\/2013\/07\/IMG_20130719_175144-360x360.jpg 360w\" sizes=\"auto, (max-width: 600px) 100vw, 600px\" \/><\/a><\/p>\n<p style=\"text-align: center;\"><em>\u00a0F\u00f6rsta g\u00e5ngen p\u00e5 Epicure, gravid i m\u00e5nad 8 och \u00f6len \u00e4r s\u00e5klart makens.<\/em><\/p>\n<p style=\"text-align: center;\"><em>En varm och solig dag h\u00e4r med.<\/em><\/p>\n<p><a href=\"http:\/\/karin.stampis.com\/blog\/wp-content\/uploads\/2012\/08\/DSC_0177-31.jpg\"><img loading=\"lazy\" decoding=\"async\" class=\"aligncenter size-full wp-image-12598\" alt=\"DSC_0177-3\" src=\"http:\/\/karin.stampis.com\/blog\/wp-content\/uploads\/2012\/08\/DSC_0177-31.jpg\" width=\"413\" height=\"600\" srcset=\"http:\/\/karin.stampis.com\/blog\/wp-content\/uploads\/2012\/08\/DSC_0177-31.jpg 413w, http:\/\/karin.stampis.com\/blog\/wp-content\/uploads\/2012\/08\/DSC_0177-31-247x360.jpg 247w, http:\/\/karin.stampis.com\/blog\/wp-content\/uploads\/2012\/08\/DSC_0177-31-206x300.jpg 206w\" sizes=\"auto, (max-width: 413px) 100vw, 413px\" \/><\/a><\/p>\n<p style=\"text-align: center;\"><em>Andra g\u00e5ngen p\u00e5 Epiciur\u00e9, d<\/em><em>agen innan f\u00f6rlossningen startade &#8211;<\/em><em> 9 m\u00e5nader och 25 kilo sen (och ja, jag verkar ha spillt p\u00e5 tr\u00f6jan). <\/em><\/p>\n<p style=\"text-align: center;\"><em>En j\u00e4kligt varm h\u00f6stdag &#8211; tror nog att det var den sista h\u00f6stdagen 2012.<\/em><img loading=\"lazy\" decoding=\"async\" class=\"aligncenter size-full wp-image-16506\" alt=\"IMG_6442\" src=\"http:\/\/karin.stampis.com\/blog\/wp-content\/uploads\/2013\/07\/IMG_6442.jpg\" width=\"455\" height=\"600\" srcset=\"http:\/\/karin.stampis.com\/blog\/wp-content\/uploads\/2013\/07\/IMG_6442.jpg 455w, http:\/\/karin.stampis.com\/blog\/wp-content\/uploads\/2013\/07\/IMG_6442-273x360.jpg 273w\" sizes=\"auto, (max-width: 455px) 100vw, 455px\" \/><\/p>\n<p>&nbsp;<\/p>\n","protected":false},"excerpt":{"rendered":"<p>D\u00e5 fader var h\u00e4r p\u00e5 bes\u00f6k passade vi p\u00e5 att utnyttja barnvakten under n\u00e5gra timmar. Vi gav oss d\u00e5 sj\u00e4lva iv\u00e4g p\u00e5 stan, d\u00e4r vi f\u00f6rst drack \u00f6l p\u00e5 Lilla Torg och sen k\u00e4kade vi middag p\u00e5 Epicur\u00e9. Det var &hellip; <a href=\"http:\/\/karin.stampis.com\/blog\/?p=16505\">Continue reading <span class=\"meta-nav\">&rarr;<\/span><\/a><\/p>\n","protected":false},"author":1,"featured_media":0,"comment_status":"open","ping_status":"open","sticky":false,"template":"","format":"standard","meta":{"footnotes":""},"categories":[328,349],"tags":[74],"class_list":["post-16505","post","type-post","status-publish","format-standard","hentry","category-328","category-juli-2013","tag-restaurangbesok"],"_links":{"self":[{"href":"http:\/\/karin.stampis.com\/blog\/index.php?rest_route=\/wp\/v2\/posts\/16505","targetHints":{"allow":["GET"]}}],"collection":[{"href":"http:\/\/karin.stampis.com\/blog\/index.php?rest_route=\/wp\/v2\/posts"}],"about":[{"href":"http:\/\/karin.stampis.com\/blog\/index.php?rest_route=\/wp\/v2\/types\/post"}],"author":[{"embeddable":true,"href":"http:\/\/karin.stampis.com\/blog\/index.php?rest_route=\/wp\/v2\/users\/1"}],"replies":[{"embeddable":true,"href":"http:\/\/karin.stampis.com\/blog\/index.php?rest_route=%2Fwp%2Fv2%2Fcomments&post=16505"}],"version-history":[{"count":13,"href":"http:\/\/karin.stampis.com\/blog\/index.php?rest_route=\/wp\/v2\/posts\/16505\/revisions"}],"predecessor-version":[{"id":16523,"href":"http:\/\/karin.stampis.com\/blog\/index.php?rest_route=\/wp\/v2\/posts\/16505\/revisions\/16523"}],"wp:attachment":[{"href":"http:\/\/karin.stampis.com\/blog\/index.php?rest_route=%2Fwp%2Fv2%2Fmedia&parent=16505"}],"wp:term":[{"taxonomy":"category","embeddable":true,"href":"http:\/\/karin.stampis.com\/blog\/index.php?rest_route=%2Fwp%2Fv2%2Fcategories&post=16505"},{"taxonomy":"post_tag","embeddable":true,"href":"http:\/\/karin.stampis.com\/blog\/index.php?rest_route=%2Fwp%2Fv2%2Ftags&post=16505"}],"curies":[{"name":"wp","href":"https:\/\/api.w.org\/{rel}","templated":true}]}}