{"id":16535,"date":"2013-07-21T15:24:16","date_gmt":"2013-07-21T14:24:16","guid":{"rendered":"http:\/\/karin.stampis.com\/blog\/?p=16535"},"modified":"2013-07-21T15:24:16","modified_gmt":"2013-07-21T14:24:16","slug":"somnen","status":"publish","type":"post","link":"http:\/\/karin.stampis.com\/blog\/?p=16535","title":{"rendered":"S\u00f6mnen"},"content":{"rendered":"<p>S\u00f6mn, detta omtalade \u00e4mne bland sm\u00e5barnsf\u00f6r\u00e4ldrar&#8230; Alfred har inte varit v\u00e4rldens enklaste unge med s\u00f6mn, men \u00e5 andra sidan tror jag att det finns betydligt sv\u00e5rare ongar ocks\u00e5. Som jag brukar n\u00e4mna s\u00e5 \u00e4r han en liten nattuggla, som sover fr\u00e5n 10-11-12 p\u00e5 kv\u00e4llen till 9-10 tiden p\u00e5 morgonen. Sj\u00e4lv \u00e4r jag en kv\u00e4llstr\u00f6tt morgonm\u00e4nniska, s\u00e5 detta st\u00e4mmer inte s\u00e5 bra ihop med min dygnsrytm. Men jag har f\u00e5tt anpassa mig s\u00e5 nu sover jag p\u00e5 samma tider, men jag saknar att vara uppe tidigt p\u00e5 morgonen &#8211; dagens sk\u00f6naste stund.<\/p>\n<p>Han \u00e4r oftast inte s\u00e5 villig att sova. En g\u00e5ng testade vi den omtalade femminutersmetoden, men det var fruktansv\u00e4rt &#8211; riktiga \u00e5ngestskrik d\u00e4r han skrek s\u00e5 han tappade luften och t\u00e5rarna sprutade. Metoden m\u00e5 funka, men \u00e4r nog inte s\u00e5 passande i separations\u00e5ngest-\u00e5ldern och inget f\u00f6r oss. S\u00e5 nu l\u00e4gger vi oss och l\u00e4ser\u00a0 i s\u00e4ngen d\u00e5 han b\u00f6rjar bli seg, s\u00e5 f\u00e5r han tjoa runt i spj\u00e4ls\u00e4ngen tills han somnar. Har funkat bra \u00e4n s\u00e5 l\u00e4nge (jinx&#8230;). Sen k\u00e4kar han n\u00e5gra g\u00e5nger p\u00e5 n\u00e4tterna och d\u00e5 har jag inte sinnesn\u00e4rvaro att s\u00e4tta ner honom i spj\u00e4ls\u00e4ngen igen. Han ska tvunget ligga tv\u00e4rs \u00f6ver hela s\u00e4ngen och kloss intill mig och jisses vad han r\u00f6r p\u00e5 sig = en del uppvak.<\/p>\n<p>Inatt hade jag dock sinnesn\u00e4rvaro att s\u00e4tta ner honom i spj\u00e4ls\u00e4ngen efter nattamning, vilket resulterade att han vaknade till och sprang runt i spj\u00e4ls\u00e4ngen klockan 4&#8230;Ok, de som klagar p\u00e5 att deras ungar vaknar \u00fcbertidigt har nog r\u00e4tt, det \u00e4r \u00e4nd\u00e5 jobbigast :p .<\/p>\n<p><a href=\"http:\/\/karin.stampis.com\/blog\/wp-content\/uploads\/2013\/07\/IMG_0910.jpg\"><img loading=\"lazy\" decoding=\"async\" class=\"aligncenter size-full wp-image-16536\" alt=\"IMG_0910\" src=\"http:\/\/karin.stampis.com\/blog\/wp-content\/uploads\/2013\/07\/IMG_0910.jpg\" width=\"600\" height=\"400\" srcset=\"http:\/\/karin.stampis.com\/blog\/wp-content\/uploads\/2013\/07\/IMG_0910.jpg 600w, http:\/\/karin.stampis.com\/blog\/wp-content\/uploads\/2013\/07\/IMG_0910-360x240.jpg 360w\" sizes=\"auto, (max-width: 600px) 100vw, 600px\" \/><\/a><\/p>\n","protected":false},"excerpt":{"rendered":"<p>S\u00f6mn, detta omtalade \u00e4mne bland sm\u00e5barnsf\u00f6r\u00e4ldrar&#8230; Alfred har inte varit v\u00e4rldens enklaste unge med s\u00f6mn, men \u00e5 andra sidan tror jag att det finns betydligt sv\u00e5rare ongar ocks\u00e5. Som jag brukar n\u00e4mna s\u00e5 \u00e4r han en liten nattuggla, som sover &hellip; <a href=\"http:\/\/karin.stampis.com\/blog\/?p=16535\">Continue reading <span class=\"meta-nav\">&rarr;<\/span><\/a><\/p>\n","protected":false},"author":1,"featured_media":0,"comment_status":"open","ping_status":"open","sticky":false,"template":"","format":"standard","meta":{"footnotes":""},"categories":[328,322,349],"tags":[],"class_list":["post-16535","post","type-post","status-publish","format-standard","hentry","category-328","category-alfred","category-juli-2013"],"_links":{"self":[{"href":"http:\/\/karin.stampis.com\/blog\/index.php?rest_route=\/wp\/v2\/posts\/16535","targetHints":{"allow":["GET"]}}],"collection":[{"href":"http:\/\/karin.stampis.com\/blog\/index.php?rest_route=\/wp\/v2\/posts"}],"about":[{"href":"http:\/\/karin.stampis.com\/blog\/index.php?rest_route=\/wp\/v2\/types\/post"}],"author":[{"embeddable":true,"href":"http:\/\/karin.stampis.com\/blog\/index.php?rest_route=\/wp\/v2\/users\/1"}],"replies":[{"embeddable":true,"href":"http:\/\/karin.stampis.com\/blog\/index.php?rest_route=%2Fwp%2Fv2%2Fcomments&post=16535"}],"version-history":[{"count":7,"href":"http:\/\/karin.stampis.com\/blog\/index.php?rest_route=\/wp\/v2\/posts\/16535\/revisions"}],"predecessor-version":[{"id":16543,"href":"http:\/\/karin.stampis.com\/blog\/index.php?rest_route=\/wp\/v2\/posts\/16535\/revisions\/16543"}],"wp:attachment":[{"href":"http:\/\/karin.stampis.com\/blog\/index.php?rest_route=%2Fwp%2Fv2%2Fmedia&parent=16535"}],"wp:term":[{"taxonomy":"category","embeddable":true,"href":"http:\/\/karin.stampis.com\/blog\/index.php?rest_route=%2Fwp%2Fv2%2Fcategories&post=16535"},{"taxonomy":"post_tag","embeddable":true,"href":"http:\/\/karin.stampis.com\/blog\/index.php?rest_route=%2Fwp%2Fv2%2Ftags&post=16535"}],"curies":[{"name":"wp","href":"https:\/\/api.w.org\/{rel}","templated":true}]}}