{"id":16544,"date":"2013-07-22T20:46:34","date_gmt":"2013-07-22T19:46:34","guid":{"rendered":"http:\/\/karin.stampis.com\/blog\/?p=16544"},"modified":"2013-07-22T20:46:34","modified_gmt":"2013-07-22T19:46:34","slug":"pa-landet-9","status":"publish","type":"post","link":"http:\/\/karin.stampis.com\/blog\/?p=16544","title":{"rendered":"P\u00e5 landet"},"content":{"rendered":"<p>D\u00e5 har vi flytt stan. Det beh\u00f6vs &#8211; det \u00e4r helt odr\u00e4gligt att leva i v\u00e5r l\u00e4genhet under sommaren. Idag var det 33 grader inomhus, bl\u00e4\u00e4\u00e4\u00e4 (trots v\u00e4dring, tv\u00e4rdrag, fl\u00e4kt etc). I stan s\u00e5 f\u00f6redrar jag alla andra \u00e5rstider framf\u00f6r sommaren. \u00d6verhuvudtaget s\u00e5 \u00e4r jag inte s\u00e5 f\u00f6rtjust i v\u00e4rme som jag var f\u00f6r n\u00e5gra \u00e5r sen &#8211; har kanske blivit omprogrammerad efter att hatat v\u00e4rmen under graviditeten (vilken tur det inte var denna sommaren som man var p\u00e5 sm\u00e4llen, f\u00f6rra sommaren var \u00e4nd\u00e5 r\u00e4tt regnig) :p . Runt 20 grader \u00e4r helt ok, men drar det \u00f6ver 25 s\u00e5 \u00e4r det bara odr\u00e4gligt, pust. Men p\u00e5 landet \u00e4r det mkt sk\u00f6nare b\u00e5de utomhus och inomhus, sk\u00f6nt!<\/p>\n<p>Har dock inte tagit n\u00e5gon p\u00e5-landet-bild p\u00e5 Alfred, s\u00e5 det f\u00e5r bli en balkongbild. Balkongen \u00e4r v\u00e5r r\u00e4ddning i stan.<\/p>\n<p><a href=\"http:\/\/karin.stampis.com\/blog\/wp-content\/uploads\/2013\/07\/DSC_0737.jpg\"><img loading=\"lazy\" decoding=\"async\" class=\"aligncenter size-full wp-image-16545\" alt=\"DSC_0737\" src=\"http:\/\/karin.stampis.com\/blog\/wp-content\/uploads\/2013\/07\/DSC_0737.jpg\" width=\"338\" height=\"600\" srcset=\"http:\/\/karin.stampis.com\/blog\/wp-content\/uploads\/2013\/07\/DSC_0737.jpg 338w, http:\/\/karin.stampis.com\/blog\/wp-content\/uploads\/2013\/07\/DSC_0737-202x360.jpg 202w\" sizes=\"auto, (max-width: 338px) 100vw, 338px\" \/><\/a><\/p>\n<p>&nbsp;<\/p>\n","protected":false},"excerpt":{"rendered":"<p>D\u00e5 har vi flytt stan. Det beh\u00f6vs &#8211; det \u00e4r helt odr\u00e4gligt att leva i v\u00e5r l\u00e4genhet under sommaren. Idag var det 33 grader inomhus, bl\u00e4\u00e4\u00e4\u00e4 (trots v\u00e4dring, tv\u00e4rdrag, fl\u00e4kt etc). I stan s\u00e5 f\u00f6redrar jag alla andra \u00e5rstider framf\u00f6r &hellip; <a href=\"http:\/\/karin.stampis.com\/blog\/?p=16544\">Continue reading <span class=\"meta-nav\">&rarr;<\/span><\/a><\/p>\n","protected":false},"author":1,"featured_media":0,"comment_status":"open","ping_status":"open","sticky":false,"template":"","format":"standard","meta":{"footnotes":""},"categories":[328,322,349],"tags":[],"class_list":["post-16544","post","type-post","status-publish","format-standard","hentry","category-328","category-alfred","category-juli-2013"],"_links":{"self":[{"href":"http:\/\/karin.stampis.com\/blog\/index.php?rest_route=\/wp\/v2\/posts\/16544","targetHints":{"allow":["GET"]}}],"collection":[{"href":"http:\/\/karin.stampis.com\/blog\/index.php?rest_route=\/wp\/v2\/posts"}],"about":[{"href":"http:\/\/karin.stampis.com\/blog\/index.php?rest_route=\/wp\/v2\/types\/post"}],"author":[{"embeddable":true,"href":"http:\/\/karin.stampis.com\/blog\/index.php?rest_route=\/wp\/v2\/users\/1"}],"replies":[{"embeddable":true,"href":"http:\/\/karin.stampis.com\/blog\/index.php?rest_route=%2Fwp%2Fv2%2Fcomments&post=16544"}],"version-history":[{"count":4,"href":"http:\/\/karin.stampis.com\/blog\/index.php?rest_route=\/wp\/v2\/posts\/16544\/revisions"}],"predecessor-version":[{"id":16549,"href":"http:\/\/karin.stampis.com\/blog\/index.php?rest_route=\/wp\/v2\/posts\/16544\/revisions\/16549"}],"wp:attachment":[{"href":"http:\/\/karin.stampis.com\/blog\/index.php?rest_route=%2Fwp%2Fv2%2Fmedia&parent=16544"}],"wp:term":[{"taxonomy":"category","embeddable":true,"href":"http:\/\/karin.stampis.com\/blog\/index.php?rest_route=%2Fwp%2Fv2%2Fcategories&post=16544"},{"taxonomy":"post_tag","embeddable":true,"href":"http:\/\/karin.stampis.com\/blog\/index.php?rest_route=%2Fwp%2Fv2%2Ftags&post=16544"}],"curies":[{"name":"wp","href":"https:\/\/api.w.org\/{rel}","templated":true}]}}