{"id":16550,"date":"2013-07-23T20:57:24","date_gmt":"2013-07-23T19:57:24","guid":{"rendered":"http:\/\/karin.stampis.com\/blog\/?p=16550"},"modified":"2013-07-23T20:58:34","modified_gmt":"2013-07-23T19:58:34","slug":"alfred-9-manader","status":"publish","type":"post","link":"http:\/\/karin.stampis.com\/blog\/?p=16550","title":{"rendered":"Alfred 9 m\u00e5nader"},"content":{"rendered":"<p>Nu har han varit lika l\u00e5ng tid ute som inne (fast det k\u00e4nns som om tiden d\u00e5 han var inne i magen gick lite l\u00e5ngsammare&#8230;) !<\/p>\n<p>S\u00e5 h\u00e4r kommer lite detaljerad info om hur Alfred \u00e4r i denna \u00e5lder:<\/p>\n<p>Som vanligt s\u00e5 r\u00f6r sig Alfred konstant, nu g\u00e5r\/springer han runt bord, soffa och andra saker som han kan h\u00e5lla sig i. Han st\u00e5r bra om han h\u00e5ller i en hand, men han v\u00e5gar inte sl\u00e4ppa helt (tur \u00e4r v\u00e4l det&#8230;). N\u00e5gon g\u00e5ng testar han att sl\u00e4ppa och d\u00e5 h\u00f6r man en duns f\u00f6ljt av uuuuu\u00e4\u00e4\u00e4\u00e4\u00e4\u00e4. Man annars vurpar han tack och lov inte alls s\u00e5 ofta nu som han gjorde tidigare. Han ska unders\u00f6ka allt och jag \u00e4r fascinerad \u00f6ver hur l\u00e5ng r\u00e4ckvidd han har&#8230;<\/p>\n<p style=\"text-align: center;\"><a href=\"http:\/\/karin.stampis.com\/blog\/wp-content\/uploads\/2013\/07\/DSC_0693.jpg\"><img loading=\"lazy\" decoding=\"async\" class=\"aligncenter size-full wp-image-16557\" alt=\"DSC_0693\" src=\"http:\/\/karin.stampis.com\/blog\/wp-content\/uploads\/2013\/07\/DSC_0693.jpg\" width=\"338\" height=\"600\" srcset=\"http:\/\/karin.stampis.com\/blog\/wp-content\/uploads\/2013\/07\/DSC_0693.jpg 338w, http:\/\/karin.stampis.com\/blog\/wp-content\/uploads\/2013\/07\/DSC_0693-202x360.jpg 202w\" sizes=\"auto, (max-width: 338px) 100vw, 338px\" \/><\/a><\/p>\n<p style=\"text-align: center;\"><em>Scannar efter saker han kan f\u00f6rs\u00f6ka dra ner<\/em><\/p>\n<p>Under denna m\u00e5naden har han \u00e4ndrat utseende en del &#8211; den f\u00f6rsta tanden har kommit och jag har klippt bort det mesta av hans m\u00f6rka &#8220;bebish\u00e5r&#8221;.<\/p>\n<p>Alfred har tr\u00e4ffat sin morfar mycket denna m\u00e5naden, och nu kan man l\u00e4mna honom ensam med morfar (och mormor) n\u00e5gra timmar utan att han blir ledsen.<\/p>\n<p><a href=\"http:\/\/karin.stampis.com\/blog\/wp-content\/uploads\/2013\/07\/DSC_0807.jpg\"><img loading=\"lazy\" decoding=\"async\" class=\"aligncenter size-full wp-image-16553\" alt=\"DSC_0807\" src=\"http:\/\/karin.stampis.com\/blog\/wp-content\/uploads\/2013\/07\/DSC_0807.jpg\" width=\"600\" height=\"600\" srcset=\"http:\/\/karin.stampis.com\/blog\/wp-content\/uploads\/2013\/07\/DSC_0807.jpg 600w, http:\/\/karin.stampis.com\/blog\/wp-content\/uploads\/2013\/07\/DSC_0807-150x150.jpg 150w, http:\/\/karin.stampis.com\/blog\/wp-content\/uploads\/2013\/07\/DSC_0807-360x360.jpg 360w\" sizes=\"auto, (max-width: 600px) 100vw, 600px\" \/><\/a><\/p>\n<p style=\"text-align: center;\"><em>Han &#8220;pratar&#8221; mer och mer med lustiga ljud. Mycket tungr\u00f6relser som syns p\u00e5 fotot.<\/em><\/p>\n<p>Alfred har b\u00f6rjat uppskatta musik en hel del och s\u00e5 fort han h\u00f6r musik diggar han och gungar i takt.<\/p>\n<p>Han \u00e4lskar att \u00e5ka ryggs\u00e4ck, men tycker att barnvagn kan vara lite tradigt om man inte nannar i den.<\/p>\n<p>Sen har han b\u00f6rjat krypa till sk\u00f6tb\u00e4dden och s\u00e4tta sig d\u00e4r efter produktion av nummer 2. Hoppas det kan vara en indikation p\u00e5 att han blir l\u00e4tt att pott-tr\u00e4na sen :p .<\/p>\n<p>Maten g\u00e5r b\u00e4ttre och b\u00e4ttre \u00e4ven om han inte \u00e4r en stor\u00e4tare, och han har blivit bra p\u00e5 att tugga stora bitar s\u00e5 jag beh\u00f6ver inte vara orolig f\u00f6r att han ska kv\u00e4vas hela tiden :p . Han kan \u00e4ven k\u00e4ka lite sj\u00e4lv med sked, d\u00e5 \u00e4r det bra att sitta och k\u00e4ka utomhus :p . Hallon och banan \u00e4r favoriterna just nu, h\u00e4lsosam kille \ud83d\ude09 .<\/p>\n<p><a href=\"http:\/\/karin.stampis.com\/blog\/wp-content\/uploads\/2013\/07\/IMG_0949.jpg\"><img loading=\"lazy\" decoding=\"async\" class=\"aligncenter size-full wp-image-16561\" alt=\"IMG_0949\" src=\"http:\/\/karin.stampis.com\/blog\/wp-content\/uploads\/2013\/07\/IMG_0949.jpg\" width=\"600\" height=\"400\" srcset=\"http:\/\/karin.stampis.com\/blog\/wp-content\/uploads\/2013\/07\/IMG_0949.jpg 600w, http:\/\/karin.stampis.com\/blog\/wp-content\/uploads\/2013\/07\/IMG_0949-360x240.jpg 360w\" sizes=\"auto, (max-width: 600px) 100vw, 600px\" \/><\/a><\/p>\n<p style=\"text-align: center;\"><em>\u00a0Alfred i \u00e4tartagen<\/em><\/p>\n<p>Och nu vid 9 m\u00e5naders \u00e5lder (och \u00f6ver 9kg) har vi l\u00e4mnat babyskyddet och k\u00f6pt en bilbarnstol. Alfred tycker den \u00e4r mycket b\u00e4ttre att sitta i, men trots det funderar han mycket p\u00e5 hur han ska kunna ta sig loss :p<\/p>\n<p><a href=\"http:\/\/karin.stampis.com\/blog\/wp-content\/uploads\/2013\/07\/DSC_0758.jpg\"><img loading=\"lazy\" decoding=\"async\" class=\"aligncenter size-full wp-image-16552\" alt=\"DSC_0758\" src=\"http:\/\/karin.stampis.com\/blog\/wp-content\/uploads\/2013\/07\/DSC_0758.jpg\" width=\"338\" height=\"600\" srcset=\"http:\/\/karin.stampis.com\/blog\/wp-content\/uploads\/2013\/07\/DSC_0758.jpg 338w, http:\/\/karin.stampis.com\/blog\/wp-content\/uploads\/2013\/07\/DSC_0758-202x360.jpg 202w\" sizes=\"auto, (max-width: 338px) 100vw, 338px\" \/><\/a><\/p>\n<p>&nbsp;<\/p>\n","protected":false},"excerpt":{"rendered":"<p>Nu har han varit lika l\u00e5ng tid ute som inne (fast det k\u00e4nns som om tiden d\u00e5 han var inne i magen gick lite l\u00e5ngsammare&#8230;) ! S\u00e5 h\u00e4r kommer lite detaljerad info om hur Alfred \u00e4r i denna \u00e5lder: Som &hellip; <a href=\"http:\/\/karin.stampis.com\/blog\/?p=16550\">Continue reading <span class=\"meta-nav\">&rarr;<\/span><\/a><\/p>\n","protected":false},"author":1,"featured_media":0,"comment_status":"open","ping_status":"open","sticky":false,"template":"","format":"standard","meta":{"footnotes":""},"categories":[328,322,330,349],"tags":[],"class_list":["post-16550","post","type-post","status-publish","format-standard","hentry","category-328","category-alfred","category-fyller-manad","category-juli-2013"],"_links":{"self":[{"href":"http:\/\/karin.stampis.com\/blog\/index.php?rest_route=\/wp\/v2\/posts\/16550","targetHints":{"allow":["GET"]}}],"collection":[{"href":"http:\/\/karin.stampis.com\/blog\/index.php?rest_route=\/wp\/v2\/posts"}],"about":[{"href":"http:\/\/karin.stampis.com\/blog\/index.php?rest_route=\/wp\/v2\/types\/post"}],"author":[{"embeddable":true,"href":"http:\/\/karin.stampis.com\/blog\/index.php?rest_route=\/wp\/v2\/users\/1"}],"replies":[{"embeddable":true,"href":"http:\/\/karin.stampis.com\/blog\/index.php?rest_route=%2Fwp%2Fv2%2Fcomments&post=16550"}],"version-history":[{"count":12,"href":"http:\/\/karin.stampis.com\/blog\/index.php?rest_route=\/wp\/v2\/posts\/16550\/revisions"}],"predecessor-version":[{"id":16569,"href":"http:\/\/karin.stampis.com\/blog\/index.php?rest_route=\/wp\/v2\/posts\/16550\/revisions\/16569"}],"wp:attachment":[{"href":"http:\/\/karin.stampis.com\/blog\/index.php?rest_route=%2Fwp%2Fv2%2Fmedia&parent=16550"}],"wp:term":[{"taxonomy":"category","embeddable":true,"href":"http:\/\/karin.stampis.com\/blog\/index.php?rest_route=%2Fwp%2Fv2%2Fcategories&post=16550"},{"taxonomy":"post_tag","embeddable":true,"href":"http:\/\/karin.stampis.com\/blog\/index.php?rest_route=%2Fwp%2Fv2%2Ftags&post=16550"}],"curies":[{"name":"wp","href":"https:\/\/api.w.org\/{rel}","templated":true}]}}