{"id":16879,"date":"2013-08-23T13:07:58","date_gmt":"2013-08-23T12:07:58","guid":{"rendered":"http:\/\/karin.stampis.com\/blog\/?p=16879"},"modified":"2013-08-23T13:07:58","modified_gmt":"2013-08-23T12:07:58","slug":"alfred-10-manader","status":"publish","type":"post","link":"http:\/\/karin.stampis.com\/blog\/?p=16879","title":{"rendered":"Alfred 10 m\u00e5nader"},"content":{"rendered":"<p>Mycket har h\u00e4nt den senaste m\u00e5naden!<\/p>\n<p>Alfred har blivit d\u00f6pt som jag skrev lite mer om tidigare. Han tr\u00e4ffade massor med folk under dopveckan, och i slutet av veckan var han inte alls s\u00e5 f\u00f6rsiktig mot nya m\u00e4nniskor l\u00e4ngre och tyckte att det var kul att ha mycket folk runt sig. Men nu d\u00e5 det bara \u00e4r vi tv\u00e5 igen runt honom tycker han att det \u00e4r kul det med &#8211; han har fullt upp med att uppt\u00e4cka v\u00e4rlden.<\/p>\n<p>Just att uppt\u00e4cka v\u00e4rlden har f\u00e5tt en ny dimension f\u00f6r honom nu d\u00e5 han har l\u00e4rt sig att g\u00e5 sj\u00e4lv. Han tycker att det \u00e4r s\u00e5 skoj att kunna g\u00e5! Ig\u00e5r var vi ute p\u00e5 gr\u00e4set med honom och han gick ungef\u00e4r 5 meter, s\u00e5 g\u00e5endet utvecklas lite f\u00f6r varje dag. Nu f\u00f6rs\u00f6ker han \u00e4ven kl\u00e4ttra upp p\u00e5 saker, men han beh\u00f6ver nog bli lite l\u00e4ngre f\u00f6r att komma upp p\u00e5 de mesta grejjorna d\u00e4rhemma, tack och lov (f\u00f6rutom trapporna hos p\u00e4ronen som han glatt rusar uppf\u00f6r :p)&#8230;<\/p>\n<p>Han jobbar \u00e4ven h\u00e5rt p\u00e5 att ta sig upp fr\u00e5n sittande till st\u00e5ende, det \u00e4r lite klurigt \u00e4ven om han har lyckats n\u00e5gra g\u00e5nger. Han har b\u00f6rjat leka mer och mer med hans leksaker, favoriten just nu \u00e4r diverse bilar som han k\u00f6r runt med \u00f6ver golven. Och tuggleksaker funkar ju alltid &#8211; det k\u00e4nns som det \u00e4r fler t\u00e4nder p\u00e5 g \u00e4n de 6 han redan har. Sen leker han ju med allt som inte \u00e4r leksaker ocks\u00e5, tvknappen, volymkontrollen, mobiltelefoner. \u00d6ht \u00e4r han tokig i allt med sk\u00e4rmar och knappar &#8211; en till blivande nerd kanske \ud83d\ude09 .<\/p>\n<p style=\"text-align: center;\"><a href=\"http:\/\/karin.stampis.com\/blog\/wp-content\/uploads\/2013\/08\/IMG_20130820_184429.jpg\"><img loading=\"lazy\" decoding=\"async\" class=\"aligncenter size-medium wp-image-16898\" alt=\"IMG_20130820_184429\" src=\"http:\/\/karin.stampis.com\/blog\/wp-content\/uploads\/2013\/08\/IMG_20130820_184429-360x360.jpg\" width=\"360\" height=\"360\" srcset=\"http:\/\/karin.stampis.com\/blog\/wp-content\/uploads\/2013\/08\/IMG_20130820_184429-360x360.jpg 360w, http:\/\/karin.stampis.com\/blog\/wp-content\/uploads\/2013\/08\/IMG_20130820_184429-150x150.jpg 150w, http:\/\/karin.stampis.com\/blog\/wp-content\/uploads\/2013\/08\/IMG_20130820_184429.jpg 600w\" sizes=\"auto, (max-width: 360px) 100vw, 360px\" \/><\/a><em>Alfred skrattar och g\u00e5r<\/em><\/p>\n<p style=\"text-align: center;\"><a href=\"http:\/\/karin.stampis.com\/blog\/wp-content\/uploads\/2013\/08\/lek1.jpg\"><img loading=\"lazy\" decoding=\"async\" class=\"aligncenter size-medium wp-image-16900\" alt=\"lek\" src=\"http:\/\/karin.stampis.com\/blog\/wp-content\/uploads\/2013\/08\/lek1-360x360.jpg\" width=\"360\" height=\"360\" srcset=\"http:\/\/karin.stampis.com\/blog\/wp-content\/uploads\/2013\/08\/lek1-360x360.jpg 360w, http:\/\/karin.stampis.com\/blog\/wp-content\/uploads\/2013\/08\/lek1-150x150.jpg 150w, http:\/\/karin.stampis.com\/blog\/wp-content\/uploads\/2013\/08\/lek1-1024x1021.jpg 1024w, http:\/\/karin.stampis.com\/blog\/wp-content\/uploads\/2013\/08\/lek1.jpg 1240w\" sizes=\"auto, (max-width: 360px) 100vw, 360px\" \/><\/a><em>Alfred leker med sina nya tygklossar. Att tugga p\u00e5 dom och riva ner dom \u00e4r dock mer lockande \u00e4n att bygga :p .<\/em><\/p>\n<p>Han har b\u00f6rjat visa mer hum\u00f6r. D\u00e5 han inte f\u00e5r g\u00f6ra n\u00e5got blir han arg. H\u00e4romdagen drog han som vanligt j\u00e4tteh\u00e5rt i mitt h\u00e5r, och d\u00e5 sa jag barskt &#8220;nej&#8221; till honom. D\u00e5 blev han j\u00e4tteledsen. Men annars \u00e4r han oftast str\u00e5lande glad.<\/p>\n<p>Han \u00e4r fortfarande inte s\u00e5 stor i maten men det har g\u00e5tt fram\u00e5t en del \u00e4nd\u00e5. I jakt p\u00e5 att hitta saker som han gillar har jag \u00e4ven f\u00e5tt slakta den heliga kon att inte k\u00f6pa burkmat (allts\u00e5, jag har ju v\u00e4rsta slakteriet h\u00e4r hemma, tror inte jag har n\u00e5gra heliga kor kvar nu :p), och det finns en burk som han tycker \u00e4r j\u00e4ttegod (biffwok). S\u00f6tsaker f\u00f6rs\u00f6ker jag undvika, men under dopveckan fick han lite s\u00e5nt \u00e4nd\u00e5, och man kan konstatera att han nog \u00e4rvt sin pappas s\u00f6tsaks-gen \ud83d\ude09 . Har inte helt slutat amma, han f\u00e5r n\u00e5gon g\u00e5ng per dygn (det \u00e4r ju s\u00e5 praktiskt att ligga kvar i s\u00e4ngen och ge honom mat p\u00e5 natt\/morgon :p, men han dricker lika g\u00e4rna v\u00e4lling som mj\u00f6lk).<\/p>\n<p><a href=\"http:\/\/karin.stampis.com\/blog\/wp-content\/uploads\/2013\/08\/mat.jpg\"><img loading=\"lazy\" decoding=\"async\" class=\"aligncenter size-medium wp-image-16895\" alt=\"mat\" src=\"http:\/\/karin.stampis.com\/blog\/wp-content\/uploads\/2013\/08\/mat-360x360.jpg\" width=\"360\" height=\"360\" srcset=\"http:\/\/karin.stampis.com\/blog\/wp-content\/uploads\/2013\/08\/mat-360x360.jpg 360w, http:\/\/karin.stampis.com\/blog\/wp-content\/uploads\/2013\/08\/mat-150x150.jpg 150w, http:\/\/karin.stampis.com\/blog\/wp-content\/uploads\/2013\/08\/mat-1024x1021.jpg 1024w, http:\/\/karin.stampis.com\/blog\/wp-content\/uploads\/2013\/08\/mat.jpg 1240w\" sizes=\"auto, (max-width: 360px) 100vw, 360px\" \/><\/a><\/p>\n<p style=\"text-align: center;\"><em>Glad Alfred i mat-tagen. Avokado.<\/em><\/p>\n<p>\u00c4ven s\u00f6mnen g\u00e5r f\u00f6r tillf\u00e4llet lite b\u00e4ttre, och p\u00e5 sistone har han somnat runt 9 halv 10. Ig\u00e5r skippade vi andra sovstunden och h\u00f6ll honom vaken, och d\u00e5 somnade han redan kl 19.50! Rekord! D\u00e5 passade vi p\u00e5 att korka upp en vinflaska, hehe. Sen vaknade han iofs vid 11-tiden, och d\u00e5 somnade vi alla tre d\u00e5 vi skulle natta honom :p . Kort vinkv\u00e4ll, haha :p .<\/p>\n<p>K\u00e4nns \u00f6ht som en himla skoj \u00e5lder just nu, vad g\u00f6tt att den sammanf\u00f6ll med semestern \ud83d\ude42 .<\/p>\n<p>&nbsp;<\/p>\n","protected":false},"excerpt":{"rendered":"<p>Mycket har h\u00e4nt den senaste m\u00e5naden! Alfred har blivit d\u00f6pt som jag skrev lite mer om tidigare. Han tr\u00e4ffade massor med folk under dopveckan, och i slutet av veckan var han inte alls s\u00e5 f\u00f6rsiktig mot nya m\u00e4nniskor l\u00e4ngre och &hellip; <a href=\"http:\/\/karin.stampis.com\/blog\/?p=16879\">Continue reading <span class=\"meta-nav\">&rarr;<\/span><\/a><\/p>\n","protected":false},"author":1,"featured_media":0,"comment_status":"open","ping_status":"open","sticky":false,"template":"","format":"standard","meta":{"footnotes":""},"categories":[328,322,330,350],"tags":[],"class_list":["post-16879","post","type-post","status-publish","format-standard","hentry","category-328","category-alfred","category-fyller-manad","category-augusti-2013"],"_links":{"self":[{"href":"http:\/\/karin.stampis.com\/blog\/index.php?rest_route=\/wp\/v2\/posts\/16879","targetHints":{"allow":["GET"]}}],"collection":[{"href":"http:\/\/karin.stampis.com\/blog\/index.php?rest_route=\/wp\/v2\/posts"}],"about":[{"href":"http:\/\/karin.stampis.com\/blog\/index.php?rest_route=\/wp\/v2\/types\/post"}],"author":[{"embeddable":true,"href":"http:\/\/karin.stampis.com\/blog\/index.php?rest_route=\/wp\/v2\/users\/1"}],"replies":[{"embeddable":true,"href":"http:\/\/karin.stampis.com\/blog\/index.php?rest_route=%2Fwp%2Fv2%2Fcomments&post=16879"}],"version-history":[{"count":10,"href":"http:\/\/karin.stampis.com\/blog\/index.php?rest_route=\/wp\/v2\/posts\/16879\/revisions"}],"predecessor-version":[{"id":16907,"href":"http:\/\/karin.stampis.com\/blog\/index.php?rest_route=\/wp\/v2\/posts\/16879\/revisions\/16907"}],"wp:attachment":[{"href":"http:\/\/karin.stampis.com\/blog\/index.php?rest_route=%2Fwp%2Fv2%2Fmedia&parent=16879"}],"wp:term":[{"taxonomy":"category","embeddable":true,"href":"http:\/\/karin.stampis.com\/blog\/index.php?rest_route=%2Fwp%2Fv2%2Fcategories&post=16879"},{"taxonomy":"post_tag","embeddable":true,"href":"http:\/\/karin.stampis.com\/blog\/index.php?rest_route=%2Fwp%2Fv2%2Ftags&post=16879"}],"curies":[{"name":"wp","href":"https:\/\/api.w.org\/{rel}","templated":true}]}}