{"id":16999,"date":"2013-09-07T12:13:34","date_gmt":"2013-09-07T11:13:34","guid":{"rendered":"http:\/\/karin.stampis.com\/blog\/?p=16999"},"modified":"2013-09-07T12:13:34","modified_gmt":"2013-09-07T11:13:34","slug":"alfred-pa-partaj-2","status":"publish","type":"post","link":"http:\/\/karin.stampis.com\/blog\/?p=16999","title":{"rendered":"Alfred p\u00e5 partaj"},"content":{"rendered":"<p>Ig\u00e5r var Alfred p\u00e5 partaj (jo, Jimmy&amp;jag var ocks\u00e5 med). Det tyckte han var skoj. Den skv\u00e4tten av blyghet han hade runt halv\u00e5ret verkar ha f\u00f6rsvunnit, han \u00e4r inte mycket f\u00f6r att kravla upp i p\u00e4ronens famn d\u00e5 han \u00e4r p\u00e5 fr\u00e4mmande platser. I b\u00f6rjan satt han mest p\u00e5 golvet och kollade l\u00e4get, uppt\u00e4ckte nya leksaker och m\u00e4nniskor etc, men allteftersom han blev varm i kl\u00e4derna \u00f6kade tempot och i slut\u00e4ndan var tempot r\u00e4tt h\u00f6gt. Extra kul att vara hos n\u00e5gon som inte \u00e4r lika anti h\u00f6gljudda plastleksaker som jag \u00e4r :p. Det fanns en leksakstraktor som gjorde en j\u00e4kla massa ljud, samt\u00a0 en robot som lyste och spelade Gagnam style. Som jag tidigare noterat tycker han att andra ungar \u00e4r mer intressanta ju \u00e4ldre de \u00e4r, s\u00e5 han jagade runt den \u00e4ldsta en hel del. M\u00e5ste snart f\u00e5 Alfred att f\u00f6rst\u00e5 att man inte ska dra folk i h\u00e5ret&#8230;<\/p>\n<p style=\"text-align: center;\"><a href=\"http:\/\/karin.stampis.com\/blog\/wp-content\/uploads\/2013\/09\/DSC_1284.jpg\"><img loading=\"lazy\" decoding=\"async\" class=\"aligncenter size-full wp-image-17004\" alt=\"DSC_1284\" src=\"http:\/\/karin.stampis.com\/blog\/wp-content\/uploads\/2013\/09\/DSC_1284.jpg\" width=\"600\" height=\"600\" srcset=\"http:\/\/karin.stampis.com\/blog\/wp-content\/uploads\/2013\/09\/DSC_1284.jpg 600w, http:\/\/karin.stampis.com\/blog\/wp-content\/uploads\/2013\/09\/DSC_1284-150x150.jpg 150w, http:\/\/karin.stampis.com\/blog\/wp-content\/uploads\/2013\/09\/DSC_1284-360x360.jpg 360w\" sizes=\"auto, (max-width: 600px) 100vw, 600px\" \/><\/a><\/p>\n<p style=\"text-align: center;\"><em>Underh\u00e5llande leksak som spelar &#8220;Per Olsson hade en bonnag\u00e5rd, lian lian lej samt tutar och trycker man p\u00e5 djuren s\u00e4ger de n\u00f6ff, b\u00e4\u00e4\u00e4 etc.\u00a0<\/em> <a href=\"http:\/\/karin.stampis.com\/blog\/wp-content\/uploads\/2013\/09\/DSC_1288.jpg\"><img loading=\"lazy\" decoding=\"async\" class=\"aligncenter size-full wp-image-17005\" alt=\"DSC_1288\" src=\"http:\/\/karin.stampis.com\/blog\/wp-content\/uploads\/2013\/09\/DSC_1288.jpg\" width=\"600\" height=\"600\" srcset=\"http:\/\/karin.stampis.com\/blog\/wp-content\/uploads\/2013\/09\/DSC_1288.jpg 600w, http:\/\/karin.stampis.com\/blog\/wp-content\/uploads\/2013\/09\/DSC_1288-150x150.jpg 150w, http:\/\/karin.stampis.com\/blog\/wp-content\/uploads\/2013\/09\/DSC_1288-360x360.jpg 360w\" sizes=\"auto, (max-width: 600px) 100vw, 600px\" \/><\/a><\/p>\n<p style=\"text-align: center;\">Alfred &#8220;leker&#8221; med Aaron (dvs f\u00f6rs\u00f6ker sno hans leskaker).<\/p>\n<p>Vi blev serverade god genuin Shanghai-mat, och Alfred \u00e5t av allting. Han \u00e4r inte r\u00e4dd f\u00f6r smakrik mat &#8211; han tycker nog snarare att vi ger honom f\u00f6r mesigt k\u00e4k.<\/p>\n<p>Alfred var \u00e4ven ute och gick lite p\u00e5 innerg\u00e5rden. Vi var p\u00e5 studentomr\u00e5det K\u00e4mn\u00e4rsr\u00e4tten &#8211; tycker p\u00e5 n\u00e5got s\u00e4tt att 60\/70-talsfilter p\u00e5 fotona passar fint in just h\u00e4r.<\/p>\n<p><a href=\"http:\/\/karin.stampis.com\/blog\/wp-content\/uploads\/2013\/09\/DSC_0961.jpg\"><img loading=\"lazy\" decoding=\"async\" class=\"aligncenter size-full wp-image-17000\" alt=\"DSC_0961\" src=\"http:\/\/karin.stampis.com\/blog\/wp-content\/uploads\/2013\/09\/DSC_0961.jpg\" width=\"599\" height=\"337\" srcset=\"http:\/\/karin.stampis.com\/blog\/wp-content\/uploads\/2013\/09\/DSC_0961.jpg 599w, http:\/\/karin.stampis.com\/blog\/wp-content\/uploads\/2013\/09\/DSC_0961-360x202.jpg 360w\" sizes=\"auto, (max-width: 599px) 100vw, 599px\" \/><\/a> <a href=\"http:\/\/karin.stampis.com\/blog\/wp-content\/uploads\/2013\/09\/DSC_0962.jpg\"><img loading=\"lazy\" decoding=\"async\" class=\"aligncenter size-full wp-image-17001\" alt=\"DSC_0962\" src=\"http:\/\/karin.stampis.com\/blog\/wp-content\/uploads\/2013\/09\/DSC_0962.jpg\" width=\"600\" height=\"338\" srcset=\"http:\/\/karin.stampis.com\/blog\/wp-content\/uploads\/2013\/09\/DSC_0962.jpg 600w, http:\/\/karin.stampis.com\/blog\/wp-content\/uploads\/2013\/09\/DSC_0962-360x202.jpg 360w\" sizes=\"auto, (max-width: 600px) 100vw, 600px\" \/><\/a> <a href=\"http:\/\/karin.stampis.com\/blog\/wp-content\/uploads\/2013\/09\/DSC_0963.jpg\"><img loading=\"lazy\" decoding=\"async\" class=\"aligncenter size-full wp-image-17002\" alt=\"DSC_0963\" src=\"http:\/\/karin.stampis.com\/blog\/wp-content\/uploads\/2013\/09\/DSC_0963.jpg\" width=\"599\" height=\"337\" srcset=\"http:\/\/karin.stampis.com\/blog\/wp-content\/uploads\/2013\/09\/DSC_0963.jpg 599w, http:\/\/karin.stampis.com\/blog\/wp-content\/uploads\/2013\/09\/DSC_0963-360x202.jpg 360w\" sizes=\"auto, (max-width: 599px) 100vw, 599px\" \/><\/a><\/p>\n","protected":false},"excerpt":{"rendered":"<p>Ig\u00e5r var Alfred p\u00e5 partaj (jo, Jimmy&amp;jag var ocks\u00e5 med). Det tyckte han var skoj. Den skv\u00e4tten av blyghet han hade runt halv\u00e5ret verkar ha f\u00f6rsvunnit, han \u00e4r inte mycket f\u00f6r att kravla upp i p\u00e4ronens famn d\u00e5 han \u00e4r &hellip; <a href=\"http:\/\/karin.stampis.com\/blog\/?p=16999\">Continue reading <span class=\"meta-nav\">&rarr;<\/span><\/a><\/p>\n","protected":false},"author":1,"featured_media":0,"comment_status":"open","ping_status":"open","sticky":false,"template":"","format":"standard","meta":{"footnotes":""},"categories":[328,334,351],"tags":[],"class_list":["post-16999","post","type-post","status-publish","format-standard","hentry","category-328","category-alfred-och-hans-polare","category-september-2013"],"_links":{"self":[{"href":"http:\/\/karin.stampis.com\/blog\/index.php?rest_route=\/wp\/v2\/posts\/16999","targetHints":{"allow":["GET"]}}],"collection":[{"href":"http:\/\/karin.stampis.com\/blog\/index.php?rest_route=\/wp\/v2\/posts"}],"about":[{"href":"http:\/\/karin.stampis.com\/blog\/index.php?rest_route=\/wp\/v2\/types\/post"}],"author":[{"embeddable":true,"href":"http:\/\/karin.stampis.com\/blog\/index.php?rest_route=\/wp\/v2\/users\/1"}],"replies":[{"embeddable":true,"href":"http:\/\/karin.stampis.com\/blog\/index.php?rest_route=%2Fwp%2Fv2%2Fcomments&post=16999"}],"version-history":[{"count":5,"href":"http:\/\/karin.stampis.com\/blog\/index.php?rest_route=\/wp\/v2\/posts\/16999\/revisions"}],"predecessor-version":[{"id":17010,"href":"http:\/\/karin.stampis.com\/blog\/index.php?rest_route=\/wp\/v2\/posts\/16999\/revisions\/17010"}],"wp:attachment":[{"href":"http:\/\/karin.stampis.com\/blog\/index.php?rest_route=%2Fwp%2Fv2%2Fmedia&parent=16999"}],"wp:term":[{"taxonomy":"category","embeddable":true,"href":"http:\/\/karin.stampis.com\/blog\/index.php?rest_route=%2Fwp%2Fv2%2Fcategories&post=16999"},{"taxonomy":"post_tag","embeddable":true,"href":"http:\/\/karin.stampis.com\/blog\/index.php?rest_route=%2Fwp%2Fv2%2Ftags&post=16999"}],"curies":[{"name":"wp","href":"https:\/\/api.w.org\/{rel}","templated":true}]}}