{"id":17032,"date":"2013-09-11T13:36:11","date_gmt":"2013-09-11T12:36:11","guid":{"rendered":"http:\/\/karin.stampis.com\/blog\/?p=17032"},"modified":"2013-09-11T13:36:11","modified_gmt":"2013-09-11T12:36:11","slug":"hej-hopp","status":"publish","type":"post","link":"http:\/\/karin.stampis.com\/blog\/?p=17032","title":{"rendered":"Hej hopp"},"content":{"rendered":"<p>Lite glesare mellan blogginl\u00e4ggen nu d\u00e5 man b\u00f6rjat jobba och har en *v\u00e4ldigt* aktiv onge d\u00e5 man \u00e4r hemma :p . Tycker att f\u00f6rsta halv\u00e5ret var betydligt enklare \u00e4n vad det andra \u00e4r, nu k\u00e4nner man sig lite segare. Beror nog p\u00e5 att jag \u00e4r tillbaks p\u00e5 jobbet\u00a0 &#8211; jobbar 50% av dagarna, men det blir ju mer \u00e4n 8h per dag om man s\u00e4ger s\u00e5 + att jag cyklar fram och tillbaks Malm\u00f6\/Lund p\u00e5 jobbdagar, s\u00e5 jag \u00e4r ju borta minst halva dygnet d\u00e5 jag jobbar. Beror nog \u00e4ven p\u00e5 att det \u00e4r full fart p\u00e5 Alfred (och han somnar fortfarande sent, n\u00e4stan d\u00e5 jag somnar, och vaknar d\u00e5 jag vaknar, inte mycket chill-tid mao :p).<\/p>\n<p>Men, han \u00e4r ju s\u00e5 mycket roligare det h\u00e4r andra halv\u00e5ret \u00e4n det f\u00f6rsta! I b\u00f6rjan tyckte jag det var lite sorgligt att han inte var nyf\u00f6ding l\u00e4ngre men nu tycker jag det bara \u00e4r roligt att han blir st\u00f6rre (\u00e4ven om jag ibland kanske saknar de liiiite mer relaxande f\u00f6r\u00e4ldraledighetsdagarna d\u00e5 han l\u00e5g p\u00e5 samma plats hela tiden!). \u00c4r s\u00e5 kul att se honom bli st\u00f6rre och l\u00e4ra sig nya saker \ud83d\ude42 . Och att man ser mer och mer personlighet. S\u00e5 sp\u00e4nnande att se vad han blir f\u00f6r n\u00e5gon!<\/p>\n<p><a href=\"http:\/\/karin.stampis.com\/blog\/wp-content\/uploads\/2013\/09\/DSC_12301.jpg\"><img loading=\"lazy\" decoding=\"async\" class=\"aligncenter size-full wp-image-17033\" alt=\"DSC_1230\" src=\"http:\/\/karin.stampis.com\/blog\/wp-content\/uploads\/2013\/09\/DSC_12301.jpg\" width=\"600\" height=\"600\" srcset=\"http:\/\/karin.stampis.com\/blog\/wp-content\/uploads\/2013\/09\/DSC_12301.jpg 600w, http:\/\/karin.stampis.com\/blog\/wp-content\/uploads\/2013\/09\/DSC_12301-150x150.jpg 150w, http:\/\/karin.stampis.com\/blog\/wp-content\/uploads\/2013\/09\/DSC_12301-360x360.jpg 360w\" sizes=\"auto, (max-width: 600px) 100vw, 600px\" \/><\/a><\/p>\n","protected":false},"excerpt":{"rendered":"<p>Lite glesare mellan blogginl\u00e4ggen nu d\u00e5 man b\u00f6rjat jobba och har en *v\u00e4ldigt* aktiv onge d\u00e5 man \u00e4r hemma :p . Tycker att f\u00f6rsta halv\u00e5ret var betydligt enklare \u00e4n vad det andra \u00e4r, nu k\u00e4nner man sig lite segare. Beror &hellip; <a href=\"http:\/\/karin.stampis.com\/blog\/?p=17032\">Continue reading <span class=\"meta-nav\">&rarr;<\/span><\/a><\/p>\n","protected":false},"author":1,"featured_media":0,"comment_status":"open","ping_status":"open","sticky":false,"template":"","format":"standard","meta":{"footnotes":""},"categories":[328,351],"tags":[],"class_list":["post-17032","post","type-post","status-publish","format-standard","hentry","category-328","category-september-2013"],"_links":{"self":[{"href":"http:\/\/karin.stampis.com\/blog\/index.php?rest_route=\/wp\/v2\/posts\/17032","targetHints":{"allow":["GET"]}}],"collection":[{"href":"http:\/\/karin.stampis.com\/blog\/index.php?rest_route=\/wp\/v2\/posts"}],"about":[{"href":"http:\/\/karin.stampis.com\/blog\/index.php?rest_route=\/wp\/v2\/types\/post"}],"author":[{"embeddable":true,"href":"http:\/\/karin.stampis.com\/blog\/index.php?rest_route=\/wp\/v2\/users\/1"}],"replies":[{"embeddable":true,"href":"http:\/\/karin.stampis.com\/blog\/index.php?rest_route=%2Fwp%2Fv2%2Fcomments&post=17032"}],"version-history":[{"count":6,"href":"http:\/\/karin.stampis.com\/blog\/index.php?rest_route=\/wp\/v2\/posts\/17032\/revisions"}],"predecessor-version":[{"id":17039,"href":"http:\/\/karin.stampis.com\/blog\/index.php?rest_route=\/wp\/v2\/posts\/17032\/revisions\/17039"}],"wp:attachment":[{"href":"http:\/\/karin.stampis.com\/blog\/index.php?rest_route=%2Fwp%2Fv2%2Fmedia&parent=17032"}],"wp:term":[{"taxonomy":"category","embeddable":true,"href":"http:\/\/karin.stampis.com\/blog\/index.php?rest_route=%2Fwp%2Fv2%2Fcategories&post=17032"},{"taxonomy":"post_tag","embeddable":true,"href":"http:\/\/karin.stampis.com\/blog\/index.php?rest_route=%2Fwp%2Fv2%2Ftags&post=17032"}],"curies":[{"name":"wp","href":"https:\/\/api.w.org\/{rel}","templated":true}]}}